{"id":1086,"date":"2021-04-22T11:47:39","date_gmt":"2021-04-22T09:47:39","guid":{"rendered":"https:\/\/fpma-vincennes.fr\/?p=1086"},"modified":"2022-04-30T10:55:57","modified_gmt":"2022-04-30T08:55:57","slug":"lectures-du-dimanche-25-avril","status":"publish","type":"post","link":"https:\/\/fpma-vincennes.fr\/index.php\/2021\/04\/22\/lectures-du-dimanche-25-avril\/","title":{"rendered":"Lectures du dimanche 25 avril"},"content":{"rendered":"<p>Premi\u00e8re lecture : Acte des Ap\u00f4tres\u00a0 4, 8-12<\/p>\n<div class=\"bible-verse-container\"> <span>Actes 4.8-12<\/span><p class=\"verset\"><sup class=\"bible-verse-ref-versets\">8<\/sup> Alors Pierre, rempli du Saint Esprit, leur dit: Chefs du peuple, et anciens d'Isra\u00ebl,\n<\/p><p class=\"verset\"><sup class=\"bible-verse-ref-versets\">9<\/sup> puisque nous sommes interrog\u00e9s aujourd'hui sur un bienfait accord\u00e9 \u00e0\u00a0 un homme malade, afin que nous disions comment il a \u00e9t\u00e9 gu\u00e9ri,\n<\/p><p class=\"verset\"><sup class=\"bible-verse-ref-versets\">10<\/sup> sachez-le tous, et que tout le peuple d'Isra\u00ebl le sache! C'est par le nom de J\u00e9sus Christ de Nazareth, que vous avez \u00e9t\u00e9 crucifi\u00e9, et que Dieu a ressuscit\u00e9 des morts, c'est par lui que cet homme se pr\u00e9sente en pleine sant\u00e9 devant vous.\n<\/p><p class=\"verset\"><sup class=\"bible-verse-ref-versets\">11<\/sup> J\u00e9sus est La pierre rejet\u00e9e par vous qui b\u00e2tissez, Et qui est devenue la principale de l'angle.\n<\/p><p class=\"verset\"><sup class=\"bible-verse-ref-versets\">12<\/sup> Il n'y a de salut en aucun autre; car il n'y a sous le ciel aucun autre nom qui ait \u00e9t\u00e9 donn\u00e9 parmi les hommes, par lequel nous devions \u00eatre sauv\u00e9s.\n<\/p><\/div>\n<p>&nbsp;<\/p>\n<p>Deuxi\u00e8me lecture : 1 Jean 3, 1-2<\/p>\n<div class=\"bible-verse-container\"> <span>1 Jean 3.1-2<\/span><p class=\"verset\"><sup class=\"bible-verse-ref-versets\">1<\/sup> Voyez quel amour le P\u00e8re nous a t\u00e9moign\u00e9, pour que nous soyons appel\u00e9s enfants de Dieu! Et nous le sommes. Si le monde ne nous conna\u00eet pas, c'est qu'il ne l'a pas connu.\n<\/p><p class=\"verset\"><sup class=\"bible-verse-ref-versets\">2<\/sup> Bien-aim\u00e9s, nous sommes maintenant enfants de Dieu, et ce que nous serons n'a pas encore \u00e9t\u00e9 manifest\u00e9; mais nous savons que, lorsque cela sera manifest\u00e9, nous serons semblables \u00e0\u00a0 lui, parce que nous le verrons tel qu'il est.\n<\/p><\/div>\n<p>&nbsp;<\/p>\n<p>Lecture de l&rsquo;Evangile : Jean 10, 11-18<\/p>\n<div class=\"bible-verse-container\"> <span>Jean 10.11-18<\/span><p class=\"verset\"><sup class=\"bible-verse-ref-versets\">11<\/sup> Je suis le bon berger. Le bon berger donne sa vie pour ses brebis.\n<\/p><p class=\"verset\"><sup class=\"bible-verse-ref-versets\">12<\/sup> Mais le mercenaire, qui n'est pas le berger, et \u00e0\u00a0 qui n'appartiennent pas les brebis, voit venir le loup, abandonne les brebis, et prend la fuite; et le loup les ravit et les disperse.\n<\/p><p class=\"verset\"><sup class=\"bible-verse-ref-versets\">13<\/sup> Le mercenaire s'enfuit, parce qu'il est mercenaire, et qu'il ne se met point en peine des brebis. Je suis le bon berger.\n<\/p><p class=\"verset\"><sup class=\"bible-verse-ref-versets\">14<\/sup> Je connais mes brebis, et elles me connaissent,\n<\/p><p class=\"verset\"><sup class=\"bible-verse-ref-versets\">15<\/sup> comme le P\u00e8re me conna\u00eet et comme je connais le P\u00e8re; et je donne ma vie pour mes brebis.\n<\/p><p class=\"verset\"><sup class=\"bible-verse-ref-versets\">16<\/sup> J'ai encore d'autres brebis, qui ne sont pas de cette bergerie; celles-l\u00e0\u00a0, il faut que je les am\u00e8ne; elles entendront ma voix, et il y aura un seul troupeau, un seul berger.\n<\/p><p class=\"verset\"><sup class=\"bible-verse-ref-versets\">17<\/sup> Le P\u00e8re m'aime, parce que je donne ma vie, afin de la reprendre.\n<\/p><p class=\"verset\"><sup class=\"bible-verse-ref-versets\">18<\/sup> Personne ne me l'\u00f4te, mais je la donne de moi-m\u00eame; j'ai le pouvoir de la donner, et j'ai le pouvoir de la reprendre: tel est l'ordre que j'ai re\u00e0\u00a7u de mon P\u00e8re.\n<\/p><\/div>\n<p>&nbsp;<\/p>\n","protected":false},"excerpt":{"rendered":"<p>Premi\u00e8re lecture : Acte des Ap\u00f4tres\u00a0 4, 8-12 &nbsp; Deuxi\u00e8me lecture : 1 Jean 3, 1-2 &nbsp; Lecture de l&rsquo;Evangile : Jean 10, 11-18 &nbsp;<\/p>\n","protected":false},"author":2,"featured_media":0,"comment_status":"closed","ping_status":"open","sticky":false,"template":"","format":"standard","meta":{"inline_featured_image":false,"footnotes":""},"categories":[25],"tags":[],"class_list":["post-1086","post","type-post","status-publish","format-standard","hentry","category-lectures-de-la-bibe"],"_links":{"self":[{"href":"https:\/\/fpma-vincennes.fr\/index.php\/wp-json\/wp\/v2\/posts\/1086","targetHints":{"allow":["GET"]}}],"collection":[{"href":"https:\/\/fpma-vincennes.fr\/index.php\/wp-json\/wp\/v2\/posts"}],"about":[{"href":"https:\/\/fpma-vincennes.fr\/index.php\/wp-json\/wp\/v2\/types\/post"}],"author":[{"embeddable":true,"href":"https:\/\/fpma-vincennes.fr\/index.php\/wp-json\/wp\/v2\/users\/2"}],"replies":[{"embeddable":true,"href":"https:\/\/fpma-vincennes.fr\/index.php\/wp-json\/wp\/v2\/comments?post=1086"}],"version-history":[{"count":3,"href":"https:\/\/fpma-vincennes.fr\/index.php\/wp-json\/wp\/v2\/posts\/1086\/revisions"}],"predecessor-version":[{"id":1090,"href":"https:\/\/fpma-vincennes.fr\/index.php\/wp-json\/wp\/v2\/posts\/1086\/revisions\/1090"}],"wp:attachment":[{"href":"https:\/\/fpma-vincennes.fr\/index.php\/wp-json\/wp\/v2\/media?parent=1086"}],"wp:term":[{"taxonomy":"category","embeddable":true,"href":"https:\/\/fpma-vincennes.fr\/index.php\/wp-json\/wp\/v2\/categories?post=1086"},{"taxonomy":"post_tag","embeddable":true,"href":"https:\/\/fpma-vincennes.fr\/index.php\/wp-json\/wp\/v2\/tags?post=1086"}],"curies":[{"name":"wp","href":"https:\/\/api.w.org\/{rel}","templated":true}]}}