{"id":1205,"date":"2021-05-20T20:26:21","date_gmt":"2021-05-20T18:26:21","guid":{"rendered":"https:\/\/fpma-vincennes.fr\/?p=1205"},"modified":"2022-04-30T10:54:48","modified_gmt":"2022-04-30T08:54:48","slug":"lectures-du-dimanche-23-mai","status":"publish","type":"post","link":"https:\/\/fpma-vincennes.fr\/index.php\/2021\/05\/20\/lectures-du-dimanche-23-mai\/","title":{"rendered":"Lectures du dimanche 23 mai"},"content":{"rendered":"<p>Premi\u00e8re lecture : Acte des Ap\u00f4tres\u00a0 2, 1-11<\/p>\n<div class=\"bible-verse-container\"> <span>Actes 2.1-11<\/span><p class=\"verset\"><sup class=\"bible-verse-ref-versets\">1<\/sup> Le jour de la Pentec\u00f4te, ils \u00e9taient tous ensemble dans le m\u00eame lieu.\n<\/p><p class=\"verset\"><sup class=\"bible-verse-ref-versets\">2<\/sup> Tout \u00e0\u00a0 coup il vint du ciel un bruit comme celui d'un vent imp\u00e9tueux, et il remplit toute la maison o\u00f9 ils \u00e9taient assis.\n<\/p><p class=\"verset\"><sup class=\"bible-verse-ref-versets\">3<\/sup> Des langues, semblables \u00e0\u00a0 des langues de feu, leur apparurent, s\u00e9par\u00e9es les unes des autres, et se pos\u00e8rent sur chacun d'eux.\n<\/p><p class=\"verset\"><sup class=\"bible-verse-ref-versets\">4<\/sup> Et ils furent tous remplis du Saint Esprit, et se mirent \u00e0\u00a0 parler en d'autres langues, selon que l'Esprit leur donnait de s'exprimer.\n<\/p><p class=\"verset\"><sup class=\"bible-verse-ref-versets\">5<\/sup> Or, il y avait en s\u00e9jour \u00e0\u00a0 J\u00e9rusalem des Juifs, hommes pieux, de toutes les nations qui sont sous le ciel.\n<\/p><p class=\"verset\"><sup class=\"bible-verse-ref-versets\">6<\/sup> Au bruit qui eut lieu, la multitude accourut, et elle fut confondue parce que chacun les entendait parler dans sa propre langue.\n<\/p><p class=\"verset\"><sup class=\"bible-verse-ref-versets\">7<\/sup> Ils \u00e9taient tous dans l'\u00e9tonnement et la surprise, et ils se disaient les uns aux autres: Voici, ces gens qui parlent ne sont-ils pas tous Galil\u00e9ens?\n<\/p><p class=\"verset\"><sup class=\"bible-verse-ref-versets\">8<\/sup> Et comment les entendons-nous dans notre propre langue \u00e0\u00a0 chacun, dans notre langue maternelle?\n<\/p><p class=\"verset\"><sup class=\"bible-verse-ref-versets\">9<\/sup> Parthes, M\u00e8des, \u00c9lamites, ceux qui habitent la M\u00e9sopotamie, la Jud\u00e9e, la Cappadoce, le Pont, l'Asie,\n<\/p><p class=\"verset\"><sup class=\"bible-verse-ref-versets\">10<\/sup> la Phrygie, la Pamphylie, l'\u00c9gypte, le territoire de la Libye voisine de Cyr\u00e8ne, et ceux qui sont venus de Rome, Juifs et pros\u00e9lytes,\n<\/p><p class=\"verset\"><sup class=\"bible-verse-ref-versets\">11<\/sup> Cr\u00e9tois et Arabes, comment les entendons-nous parler dans nos langues des merveilles de Dieu?\n<\/p><\/div>\n<p>&nbsp;<\/p>\n<p>Deuxi\u00e8me lecture : Gal 5, 16-25<\/p>\n<div class=\"bible-verse-container\"> <span>Galates 5.16-25<\/span><p class=\"verset\"><sup class=\"bible-verse-ref-versets\">16<\/sup> Je dis donc: Marchez selon l'Esprit, et vous n'accomplirez pas les d\u00e9sirs de la chair.\n<\/p><p class=\"verset\"><sup class=\"bible-verse-ref-versets\">17<\/sup> Car la chair a des d\u00e9sirs contraires \u00e0\u00a0 ceux de l'Esprit, et l'Esprit en a de contraires \u00e0\u00a0 ceux de la chair; ils sont oppos\u00e9s entre eux, afin que vous ne fassiez point ce que vous voudriez.\n<\/p><p class=\"verset\"><sup class=\"bible-verse-ref-versets\">18<\/sup> Si vous \u00eates conduits par l'Esprit, vous n'\u00eates point sous la loi.\n<\/p><p class=\"verset\"><sup class=\"bible-verse-ref-versets\">19<\/sup> Or, les oeuvres de la chair sont manifestes, ce sont l'impudicit\u00e9, l'impuret\u00e9, la dissolution,\n<\/p><p class=\"verset\"><sup class=\"bible-verse-ref-versets\">20<\/sup> l'idol\u00e2trie, la magie, les inimiti\u00e9s, les querelles, les jalousies, les animosit\u00e9s, les disputes, les divisions, les sectes,\n<\/p><p class=\"verset\"><sup class=\"bible-verse-ref-versets\">21<\/sup> l'envie, l'ivrognerie, les exc\u00e8s de table, et les choses semblables. Je vous dis d'avance, comme je l'ai d\u00e9j\u00e0\u00a0 dit, que ceux qui commettent de telles choses n'h\u00e9riteront point le royaume de Dieu.\n<\/p><p class=\"verset\"><sup class=\"bible-verse-ref-versets\">22<\/sup> Mais le fruit de l'Esprit, c'est l'amour, la joie, la paix, la patience, la bont\u00e9, la b\u00e9nignit\u00e9, la fid\u00e9lit\u00e9, la douceur, la temp\u00e9rance;\n<\/p><p class=\"verset\"><sup class=\"bible-verse-ref-versets\">23<\/sup> la loi n'est pas contre ces choses.\n<\/p><p class=\"verset\"><sup class=\"bible-verse-ref-versets\">24<\/sup> Ceux qui sont \u00e0\u00a0 J\u00e9sus Christ ont crucifi\u00e9 la chair avec ses passions et ses d\u00e9sirs.\n<\/p><p class=\"verset\"><sup class=\"bible-verse-ref-versets\">25<\/sup> Si nous vivons par l'Esprit, Marchons aussi selon l'Esprit.\n<\/p><\/div>\n<p>&nbsp;<\/p>\n<p>Lecture de l&rsquo;Evangile : Jean 15, 26-27 ; 16, 12-15<\/p>\n<div class=\"bible-verse-container\"> <span>Jean 15.26-27<\/span><p class=\"verset\"><sup class=\"bible-verse-ref-versets\">26<\/sup> Quand sera venu le consolateur, que je vous enverrai de la part du P\u00e8re, l'Esprit de v\u00e9rit\u00e9, qui vient du P\u00e8re, il rendra t\u00e9moignage de moi;\n<\/p><p class=\"verset\"><sup class=\"bible-verse-ref-versets\">27<\/sup> et vous aussi, vous rendrez t\u00e9moignage, parce que vous \u00eates avec moi d\u00e8s le commencement.\n<\/p><\/div>\n<div class=\"bible-verse-container\"> <span>Jean 16.12-15<\/span><p class=\"verset\"><sup class=\"bible-verse-ref-versets\">12<\/sup> J'ai encore beaucoup de choses \u00e0\u00a0 vous dire, mais vous ne pouvez pas les porter maintenant.\n<\/p><p class=\"verset\"><sup class=\"bible-verse-ref-versets\">13<\/sup> Quand le consolateur sera venu, l'Esprit de v\u00e9rit\u00e9, il vous conduira dans toute la v\u00e9rit\u00e9; car il ne parlera pas de lui-m\u00eame, mais il dira tout ce qu'il aura entendu, et il vous annoncera les choses \u00e0\u00a0 venir.\n<\/p><p class=\"verset\"><sup class=\"bible-verse-ref-versets\">14<\/sup> Il me glorifiera, parce qu'il prendra de ce qui est \u00e0\u00a0 moi, et vous l'annoncera.\n<\/p><p class=\"verset\"><sup class=\"bible-verse-ref-versets\">15<\/sup> Tout ce que le P\u00e8re a est \u00e0\u00a0 moi; c'est pourquoi j'ai dit qu'il prend de ce qui est \u00e0\u00a0 moi, et qu'il vous l'annoncera.\n<\/p><\/div>\n","protected":false},"excerpt":{"rendered":"<p>Premi\u00e8re lecture : Acte des Ap\u00f4tres\u00a0 2, 1-11 &nbsp; Deuxi\u00e8me lecture : Gal 5, 16-25 &nbsp; Lecture de l&rsquo;Evangile : Jean 15, 26-27 ; 16, 12-15<\/p>\n","protected":false},"author":1,"featured_media":0,"comment_status":"closed","ping_status":"open","sticky":false,"template":"","format":"standard","meta":{"inline_featured_image":false,"footnotes":""},"categories":[25],"tags":[],"class_list":["post-1205","post","type-post","status-publish","format-standard","hentry","category-lectures-de-la-bibe"],"_links":{"self":[{"href":"https:\/\/fpma-vincennes.fr\/index.php\/wp-json\/wp\/v2\/posts\/1205","targetHints":{"allow":["GET"]}}],"collection":[{"href":"https:\/\/fpma-vincennes.fr\/index.php\/wp-json\/wp\/v2\/posts"}],"about":[{"href":"https:\/\/fpma-vincennes.fr\/index.php\/wp-json\/wp\/v2\/types\/post"}],"author":[{"embeddable":true,"href":"https:\/\/fpma-vincennes.fr\/index.php\/wp-json\/wp\/v2\/users\/1"}],"replies":[{"embeddable":true,"href":"https:\/\/fpma-vincennes.fr\/index.php\/wp-json\/wp\/v2\/comments?post=1205"}],"version-history":[{"count":3,"href":"https:\/\/fpma-vincennes.fr\/index.php\/wp-json\/wp\/v2\/posts\/1205\/revisions"}],"predecessor-version":[{"id":1209,"href":"https:\/\/fpma-vincennes.fr\/index.php\/wp-json\/wp\/v2\/posts\/1205\/revisions\/1209"}],"wp:attachment":[{"href":"https:\/\/fpma-vincennes.fr\/index.php\/wp-json\/wp\/v2\/media?parent=1205"}],"wp:term":[{"taxonomy":"category","embeddable":true,"href":"https:\/\/fpma-vincennes.fr\/index.php\/wp-json\/wp\/v2\/categories?post=1205"},{"taxonomy":"post_tag","embeddable":true,"href":"https:\/\/fpma-vincennes.fr\/index.php\/wp-json\/wp\/v2\/tags?post=1205"}],"curies":[{"name":"wp","href":"https:\/\/api.w.org\/{rel}","templated":true}]}}