{"id":1441,"date":"2021-09-04T01:04:09","date_gmt":"2021-09-03T23:04:09","guid":{"rendered":"https:\/\/fpma-vincennes.fr\/?p=1441"},"modified":"2022-04-30T10:51:28","modified_gmt":"2022-04-30T08:51:28","slug":"lectures-du-dimanche-12-septembre","status":"publish","type":"post","link":"https:\/\/fpma-vincennes.fr\/index.php\/2021\/09\/04\/lectures-du-dimanche-12-septembre\/","title":{"rendered":"Lectures du dimanche 12 septembre"},"content":{"rendered":"<p>Premi\u00e8re lecture : Esai 50, 5-9<\/p>\n<div class=\"bible-verse-container\"> <span>Esa\u00efe 50.5-9<\/span><p class=\"verset\"><sup class=\"bible-verse-ref-versets\">5<\/sup> Le Seigneur, l'\u00c9ternel, m'a ouvert l'oreille, Et je n'ai point r\u00e9sist\u00e9, Je ne me suis point retir\u00e9 en arri\u00e8re.\n<\/p><p class=\"verset\"><sup class=\"bible-verse-ref-versets\">6<\/sup> J'ai livr\u00e9 mon dos \u00e0\u00a0 ceux qui me frappaient, Et mes joues \u00e0\u00a0 ceux qui m'arrachaient la barbe; Je n'ai pas d\u00e9rob\u00e9 mon visage Aux ignominies et aux crachats.\n<\/p><p class=\"verset\"><sup class=\"bible-verse-ref-versets\">7<\/sup> Mais le Seigneur, l'\u00c9ternel, m'a secouru; C'est pourquoi je n'ai point \u00e9t\u00e9 d\u00e9shonor\u00e9, C'est pourquoi j'ai rendu mon visage semblable \u00e0\u00a0 un caillou, Sachant que je ne serais point confondu.\n<\/p><p class=\"verset\"><sup class=\"bible-verse-ref-versets\">8<\/sup> Celui qui me justifie est proche: Qui disputera contre moi? Comparaissons ensemble! Qui est mon adversaire? Qu'il s'avance vers moi!\n<\/p><p class=\"verset\"><sup class=\"bible-verse-ref-versets\">9<\/sup> Voici, le Seigneur, l'\u00c9ternel, me secourra: Qui me condamnera? Voici, ils tomberont tous en lambeaux comme un v\u00eatement, La teigne les d\u00e9vorera.\n<\/p><\/div>\n<p>&nbsp;<\/p>\n<p>Deuxi\u00e8me lecture : Jacqu 2, 14-18<\/p>\n<div class=\"bible-verse-container\"> <span>Jacques 2.14-18<\/span><p class=\"verset\"><sup class=\"bible-verse-ref-versets\">14<\/sup> Mes fr\u00e8re, que sert-il \u00e0\u00a0 quelqu'un de dire qu'il a la foi, s'il n'a pas les oeuvres? La foi peut-elle le sauver?\n<\/p><p class=\"verset\"><sup class=\"bible-verse-ref-versets\">15<\/sup> Si un fr\u00e8re ou une soeur sont nus et manquent de la nourriture de chaque jour,\n<\/p><p class=\"verset\"><sup class=\"bible-verse-ref-versets\">16<\/sup> et que l'un d'entre vous leur dise: Allez en paix, chauffez-vous et vous rassasiez! et que vous ne leur donniez pas ce qui est n\u00e9cessaire au corps, \u00e0\u00a0 quoi cela sert-il?\n<\/p><p class=\"verset\"><sup class=\"bible-verse-ref-versets\">17<\/sup> Il en est ainsi de la foi: si elle n'a pas les oeuvres, elle est morte en elle-m\u00eame.\n<\/p><p class=\"verset\"><sup class=\"bible-verse-ref-versets\">18<\/sup> Mais quelqu'un dira: Toi, tu as la foi; et moi, j'ai les oeuvres. Montre-moi ta foi sans les oeuvres, et moi, je te montrerai la foi par mes oeuvres.\n<\/p><\/div>\n<p>&nbsp;<\/p>\n<p>Lecture de l&rsquo;Evangile : Marc 8, 27-35<\/p>\n<div class=\"bible-verse-container\"> <span>Marc 8.27-35<\/span><p class=\"verset\"><sup class=\"bible-verse-ref-versets\">27<\/sup> J\u00e9sus s'en alla, avec ses disciples, dans les villages de C\u00e9sar\u00e9e de Philippe, et il leur posa en chemin cette question: Qui dit-on que je suis?\n<\/p><p class=\"verset\"><sup class=\"bible-verse-ref-versets\">28<\/sup> Ils r\u00e9pondirent: Jean Baptiste; les autres, \u00c9lie, les autres, l'un des proph\u00e8tes.\n<\/p><p class=\"verset\"><sup class=\"bible-verse-ref-versets\">29<\/sup> Et vous, leur demanda-t-il, qui dites-vous que je suis? Pierre lui r\u00e9pondit: Tu es le Christ.\n<\/p><p class=\"verset\"><sup class=\"bible-verse-ref-versets\">30<\/sup> J\u00e9sus leur recommanda s\u00e9v\u00e8rement de ne dire cela de lui \u00e0\u00a0 personne.\n<\/p><p class=\"verset\"><sup class=\"bible-verse-ref-versets\">31<\/sup> Alors il commen\u00e0\u00a7a \u00e0\u00a0 leur apprendre qu'il fallait que le Fils de l'homme souffr\u00eet beaucoup, qu'il f\u00e0\u00bbt rejet\u00e9 par les anciens, par les principaux sacrificateurs et par les scribes, qu'il f\u00e0\u00bbt mis \u00e0\u00a0 mort, et qu'il ressuscit\u00e2t trois jours apr\u00e8s.\n<\/p><p class=\"verset\"><sup class=\"bible-verse-ref-versets\">32<\/sup> Il leur disait ces choses ouvertement. Et Pierre, l'ayant pris \u00e0\u00a0 part, se mit \u00e0\u00a0 le reprendre.\n<\/p><p class=\"verset\"><sup class=\"bible-verse-ref-versets\">33<\/sup> Mais J\u00e9sus, se retournant et regardant ses disciples, r\u00e9primanda Pierre, et dit: Arri\u00e8re de moi, Satan! car tu ne con\u00e0\u00a7ois pas les choses de Dieu, tu n'as que des pens\u00e9es humaines.\n<\/p><p class=\"verset\"><sup class=\"bible-verse-ref-versets\">34<\/sup> Puis, ayant appel\u00e9 la foule avec ses disciples, il leur dit: Si quelqu'un veut venir apr\u00e8s moi, qu'il renonce \u00e0\u00a0 lui-m\u00eame, qu'il se charge de sa croix, et qu'il me suive.\n<\/p><p class=\"verset\"><sup class=\"bible-verse-ref-versets\">35<\/sup> Car celui qui voudra sauver sa vie la perdra, mais celui qui perdra sa vie \u00e0\u00a0 cause de moi et de la bonne nouvelle la sauvera.\n<\/p><\/div>\n","protected":false},"excerpt":{"rendered":"<p>Premi\u00e8re lecture : Esai 50, 5-9 &nbsp; Deuxi\u00e8me lecture : Jacqu 2, 14-18 &nbsp; Lecture de l&rsquo;Evangile : Marc 8, 27-35<\/p>\n","protected":false},"author":1,"featured_media":0,"comment_status":"closed","ping_status":"open","sticky":false,"template":"","format":"standard","meta":{"inline_featured_image":false,"footnotes":""},"categories":[25],"tags":[],"class_list":["post-1441","post","type-post","status-publish","format-standard","hentry","category-lectures-de-la-bibe"],"_links":{"self":[{"href":"https:\/\/fpma-vincennes.fr\/index.php\/wp-json\/wp\/v2\/posts\/1441","targetHints":{"allow":["GET"]}}],"collection":[{"href":"https:\/\/fpma-vincennes.fr\/index.php\/wp-json\/wp\/v2\/posts"}],"about":[{"href":"https:\/\/fpma-vincennes.fr\/index.php\/wp-json\/wp\/v2\/types\/post"}],"author":[{"embeddable":true,"href":"https:\/\/fpma-vincennes.fr\/index.php\/wp-json\/wp\/v2\/users\/1"}],"replies":[{"embeddable":true,"href":"https:\/\/fpma-vincennes.fr\/index.php\/wp-json\/wp\/v2\/comments?post=1441"}],"version-history":[{"count":1,"href":"https:\/\/fpma-vincennes.fr\/index.php\/wp-json\/wp\/v2\/posts\/1441\/revisions"}],"predecessor-version":[{"id":1443,"href":"https:\/\/fpma-vincennes.fr\/index.php\/wp-json\/wp\/v2\/posts\/1441\/revisions\/1443"}],"wp:attachment":[{"href":"https:\/\/fpma-vincennes.fr\/index.php\/wp-json\/wp\/v2\/media?parent=1441"}],"wp:term":[{"taxonomy":"category","embeddable":true,"href":"https:\/\/fpma-vincennes.fr\/index.php\/wp-json\/wp\/v2\/categories?post=1441"},{"taxonomy":"post_tag","embeddable":true,"href":"https:\/\/fpma-vincennes.fr\/index.php\/wp-json\/wp\/v2\/tags?post=1441"}],"curies":[{"name":"wp","href":"https:\/\/api.w.org\/{rel}","templated":true}]}}