{"id":1798,"date":"2022-03-01T23:38:17","date_gmt":"2022-03-01T22:38:17","guid":{"rendered":"https:\/\/fpma-vincennes.fr\/?p=1798"},"modified":"2022-04-30T10:39:55","modified_gmt":"2022-04-30T08:39:55","slug":"lectures-du-13-mars-2022","status":"publish","type":"post","link":"https:\/\/fpma-vincennes.fr\/index.php\/2022\/03\/01\/lectures-du-13-mars-2022\/","title":{"rendered":"Lectures du 13 mars 2022"},"content":{"rendered":"<p>Premi\u00e8re lecture : Gen\u00e8se 15 : 5-18<\/p>\n<div class=\"bible-verse-container\"> <span>Gen\u00e8se 15.5-18<\/span><p class=\"verset\"><sup class=\"bible-verse-ref-versets\">5<\/sup> Et apr\u00e8s l'avoir conduit dehors, il dit: Regarde vers le ciel, et compte les \u00e9toiles, si tu peux les compter. Et il lui dit: Telle sera ta post\u00e9rit\u00e9.\n<\/p><p class=\"verset\"><sup class=\"bible-verse-ref-versets\">6<\/sup> Abram eut confiance en l'\u00c9ternel, qui le lui imputa \u00e0\u00a0 justice.\n<\/p><p class=\"verset\"><sup class=\"bible-verse-ref-versets\">7<\/sup> L'\u00c9ternel lui dit encore: Je suis l'\u00c9ternel, qui t'ai fait sortir d'Ur en Chald\u00e9e, pour te donner en possession ce pays.\n<\/p><p class=\"verset\"><sup class=\"bible-verse-ref-versets\">8<\/sup> Abram r\u00e9pondit: Seigneur \u00c9ternel, \u00e0\u00a0 quoi conna\u00eetrai-je que je le poss\u00e9derai?\n<\/p><p class=\"verset\"><sup class=\"bible-verse-ref-versets\">9<\/sup> Et l'\u00c9ternel lui dit: Prends une g\u00e9nisse de trois ans, une ch\u00e8vre de trois ans, un b\u00e9lier de trois ans, une tourterelle et une jeune colombe.\n<\/p><p class=\"verset\"><sup class=\"bible-verse-ref-versets\">10<\/sup> Abram prit tous ces animaux, les coupa par le milieu, et mit chaque morceau l'un vis-\u00e0\u00a0-vis de l'autre; mais il ne partagea point les oiseaux.\n<\/p><p class=\"verset\"><sup class=\"bible-verse-ref-versets\">11<\/sup> Les oiseaux de proie s'abattirent sur les cadavres; et Abram les chassa.\n<\/p><p class=\"verset\"><sup class=\"bible-verse-ref-versets\">12<\/sup> Au coucher du soleil, un profond sommeil tomba sur Abram; et voici, une frayeur et une grande obscurit\u00e9 vinrent l'assaillir.\n<\/p><p class=\"verset\"><sup class=\"bible-verse-ref-versets\">13<\/sup> Et l'\u00c9ternel dit \u00e0\u00a0 Abram: Sache que tes descendants seront \u00e9trangers dans un pays qui ne sera point \u00e0\u00a0 eux; ils y seront asservis, et on les opprimera pendant quatre cents ans.\n<\/p><p class=\"verset\"><sup class=\"bible-verse-ref-versets\">14<\/sup> Mais je jugerai la nation \u00e0\u00a0 laquelle ils seront asservis, et ils sortiront ensuite avec de grandes richesses.\n<\/p><p class=\"verset\"><sup class=\"bible-verse-ref-versets\">15<\/sup> Toi, tu iras en paix vers tes p\u00e8res, tu seras enterr\u00e9 apr\u00e8s une heureuse vieillesse.\n<\/p><p class=\"verset\"><sup class=\"bible-verse-ref-versets\">16<\/sup> A la quatri\u00e8me g\u00e9n\u00e9ration, ils reviendront ici; car l'iniquit\u00e9 des Amor\u00e9ens n'est pas encore \u00e0\u00a0 son comble.\n<\/p><p class=\"verset\"><sup class=\"bible-verse-ref-versets\">17<\/sup> Quand le soleil fut couch\u00e9, il y eut une obscurit\u00e9 profonde; et voici, ce fut une fournaise fumante, et des flammes pass\u00e8rent entre les animaux partag\u00e9s.\n<\/p><p class=\"verset\"><sup class=\"bible-verse-ref-versets\">18<\/sup> En ce jour-l\u00e0\u00a0, l'\u00c9ternel fit alliance avec Abram, et dit: Je donne ce pays \u00e0\u00a0 ta post\u00e9rit\u00e9, depuis le fleuve d'\u00c9gypte jusqu'au grand fleuve, au fleuve d'Euphrate,\n<\/p><\/div>\n<p>&nbsp;<\/p>\n<p>Deuxi\u00e8me lecture : Philippiens 3 : 17-4 : 1<\/p>\n<div class=\"bible-verse-container\"> <span>Philipiens 3.17-21<\/span><p class=\"verset\"><sup class=\"bible-verse-ref-versets\">17<\/sup> Soyez tous mes imitateurs, fr\u00e8res, et portez les regards sur ceux qui Marchent selon le mod\u00e8le que vous avez en nous.\n<\/p><p class=\"verset\"><sup class=\"bible-verse-ref-versets\">18<\/sup> Car il en est plusieurs qui Marchent en ennemis de la croix de Christ, je vous en ai souvent parl\u00e9, et j'en parle maintenant encore en pleurant.\n<\/p><p class=\"verset\"><sup class=\"bible-verse-ref-versets\">19<\/sup> Leur fin sera la perdition; ils ont pour dieu leur ventre, ils mettent leur gloire dans ce qui fait leur honte, ils ne pensent qu'aux choses de la terre.\n<\/p><p class=\"verset\"><sup class=\"bible-verse-ref-versets\">20<\/sup> Mais notre cit\u00e9 \u00e0\u00a0 nous est dans les cieux, d'o\u00f9 nous attendons aussi comme Sauveur le Seigneur J\u00e9sus Christ,\n<\/p><p class=\"verset\"><sup class=\"bible-verse-ref-versets\">21<\/sup> qui transformera le corps de notre humiliation, en le rendant semblable au corps de sa gloire, par le pouvoir qu'il a de s'assujettir toutes choses.\n<\/p><\/div>\n<div class=\"bible-verse-container\"> <span>Philipiens 4.1<\/span><p class=\"verset\"><sup class=\"bible-verse-ref-versets\">1<\/sup> C'est pourquoi, mes bien-aim\u00e9s, et tr\u00e8s chers fr\u00e8res, vous qui \u00eates ma joie et ma couronne, demeurez ainsi fermes dans le Seigneur, mes bien-aim\u00e9s!\n<\/p><\/div>\n<p>&nbsp;<\/p>\n<p>Lecture de l&rsquo;Evangile : Luc 9 : 28-36<\/p>\n<div class=\"bible-verse-container\"> <span>Luc 9.28-36<\/span><p class=\"verset\"><sup class=\"bible-verse-ref-versets\">28<\/sup> Environ huit jours apr\u00e8s qu'il eut dit ces paroles, J\u00e9sus prit avec lui Pierre, Jean et Jacques, et il monta sur la montagne pour prier.\n<\/p><p class=\"verset\"><sup class=\"bible-verse-ref-versets\">29<\/sup> Pendant qu'il priait, l'aspect de son visage changea, et son v\u00eatement devint d'une \u00e9clatante blancheur.\n<\/p><p class=\"verset\"><sup class=\"bible-verse-ref-versets\">30<\/sup> Et voici, deux hommes s'entretenaient avec lui: c'\u00e9taient Mo\u00efse et \u00c9lie,\n<\/p><p class=\"verset\"><sup class=\"bible-verse-ref-versets\">31<\/sup> qui, apparaissant dans la gloire, parlaient de son d\u00e9part qu'il allait accomplir \u00e0\u00a0 J\u00e9rusalem.\n<\/p><p class=\"verset\"><sup class=\"bible-verse-ref-versets\">32<\/sup> Pierre et ses compagnons \u00e9taient appesantis par le sommeil; mais, s'\u00e9tant tenus \u00e9veill\u00e9s, ils virent la gloire de J\u00e9sus et les deux hommes qui \u00e9taient avec lui.\n<\/p><p class=\"verset\"><sup class=\"bible-verse-ref-versets\">33<\/sup> Au moment o\u00f9 ces hommes se s\u00e9paraient de J\u00e9sus, Pierre lui dit: Ma\u00eetre, il est bon que nous soyons ici; dressons trois tentes, une pour toi, une pour Mo\u00efse, et une pour \u00c9lie. Il ne savait ce qu'il disait.\n<\/p><p class=\"verset\"><sup class=\"bible-verse-ref-versets\">34<\/sup> Comme il parlait ainsi, une nu\u00e9e vint les couvrir; et les disciples furent saisis de frayeur en les voyant entrer dans la nu\u00e9e.\n<\/p><p class=\"verset\"><sup class=\"bible-verse-ref-versets\">35<\/sup> Et de la nu\u00e9e sortit une voix, qui dit: Celui-ci est mon Fils \u00e9lu: \u00e9coutez-le!\n<\/p><p class=\"verset\"><sup class=\"bible-verse-ref-versets\">36<\/sup> Quand la voix se fit entendre, J\u00e9sus se trouva seul. Les disciples gard\u00e8rent le silence, et ils ne racont\u00e8rent \u00e0\u00a0 personne, en ce temps-l\u00e0\u00a0, rien de ce qu'ils avaient vu.\n<\/p><\/div>\n<p>&nbsp;<\/p>\n","protected":false},"excerpt":{"rendered":"<p>Premi\u00e8re lecture : Gen\u00e8se 15 : 5-18 &nbsp; Deuxi\u00e8me lecture : Philippiens 3 : 17-4 : 1 &nbsp; Lecture de l&rsquo;Evangile : Luc 9 : 28-36 &nbsp;<\/p>\n","protected":false},"author":1,"featured_media":0,"comment_status":"closed","ping_status":"open","sticky":false,"template":"","format":"standard","meta":{"inline_featured_image":false,"footnotes":""},"categories":[25],"tags":[],"class_list":["post-1798","post","type-post","status-publish","format-standard","hentry","category-lectures-de-la-bibe"],"_links":{"self":[{"href":"https:\/\/fpma-vincennes.fr\/index.php\/wp-json\/wp\/v2\/posts\/1798","targetHints":{"allow":["GET"]}}],"collection":[{"href":"https:\/\/fpma-vincennes.fr\/index.php\/wp-json\/wp\/v2\/posts"}],"about":[{"href":"https:\/\/fpma-vincennes.fr\/index.php\/wp-json\/wp\/v2\/types\/post"}],"author":[{"embeddable":true,"href":"https:\/\/fpma-vincennes.fr\/index.php\/wp-json\/wp\/v2\/users\/1"}],"replies":[{"embeddable":true,"href":"https:\/\/fpma-vincennes.fr\/index.php\/wp-json\/wp\/v2\/comments?post=1798"}],"version-history":[{"count":3,"href":"https:\/\/fpma-vincennes.fr\/index.php\/wp-json\/wp\/v2\/posts\/1798\/revisions"}],"predecessor-version":[{"id":1802,"href":"https:\/\/fpma-vincennes.fr\/index.php\/wp-json\/wp\/v2\/posts\/1798\/revisions\/1802"}],"wp:attachment":[{"href":"https:\/\/fpma-vincennes.fr\/index.php\/wp-json\/wp\/v2\/media?parent=1798"}],"wp:term":[{"taxonomy":"category","embeddable":true,"href":"https:\/\/fpma-vincennes.fr\/index.php\/wp-json\/wp\/v2\/categories?post=1798"},{"taxonomy":"post_tag","embeddable":true,"href":"https:\/\/fpma-vincennes.fr\/index.php\/wp-json\/wp\/v2\/tags?post=1798"}],"curies":[{"name":"wp","href":"https:\/\/api.w.org\/{rel}","templated":true}]}}