{"id":1982,"date":"2022-12-17T20:40:05","date_gmt":"2022-12-17T19:40:05","guid":{"rendered":"https:\/\/fpma-vincennes.fr\/?p=1982"},"modified":"2022-12-17T21:07:19","modified_gmt":"2022-12-17T20:07:19","slug":"lectures-du-15-janvier-2023","status":"publish","type":"post","link":"https:\/\/fpma-vincennes.fr\/index.php\/2022\/12\/17\/lectures-du-15-janvier-2023\/","title":{"rendered":"Lectures du 15 janvier 2023"},"content":{"rendered":"<p>Premi\u00e8re lecture : Esa\u00efe 49 : 3-6<\/p>\n<p><div class=\"bible-verse-container\"> <span>Esa\u00efe 49.3-6<\/span><p class=\"verset\"><sup class=\"bible-verse-ref-versets\">3<\/sup> Et il m'a dit: Tu es mon serviteur, Isra\u00ebl en qui je me glorifierai.\n<\/p><p class=\"verset\"><sup class=\"bible-verse-ref-versets\">4<\/sup> Et moi j'ai dit: C'est en vain que j'ai travaill\u00e9, C'est pour le vide et le n\u00e9ant que j'ai consum\u00e9 ma force; Mais mon droit est aupr\u00e8s de l'\u00c9ternel, Et ma r\u00e9compense aupr\u00e8s de mon Dieu.\n<\/p><p class=\"verset\"><sup class=\"bible-verse-ref-versets\">5<\/sup> Maintenant, l'\u00c9ternel parle, Lui qui m'a form\u00e9 d\u00e8s ma naissance Pour \u00eatre son serviteur, Pour ramener \u00e0\u00a0 lui Jacob, Et Isra\u00ebl encore dispers\u00e9; Car je suis honor\u00e9 aux yeux de l'\u00c9ternel, Et mon Dieu est ma force.\n<\/p><p class=\"verset\"><sup class=\"bible-verse-ref-versets\">6<\/sup> Il dit: C'est peu que tu sois mon serviteur Pour relever les tribus de Jacob Et pour ramener les restes d'Isra\u00ebl: Je t'\u00e9tablis pour \u00eatre la lumi\u00e8re des nations, Pour porter mon salut jusqu'aux extr\u00e9mit\u00e9s de la terre.\n<\/p><\/div><br \/>\nDeuxi\u00e8me lecture : 1 Corinthiens 1 : 1-3<\/p>\n<div class=\"bible-verse-container\"> <span>1 Corinthiens 1.1-3<\/span><p class=\"verset\"><sup class=\"bible-verse-ref-versets\">1<\/sup> Paul, appel\u00e9 \u00e0\u00a0 \u00eatre ap\u00f4tre de J\u00e9sus Christ par la volont\u00e9 de Dieu, et le fr\u00e8re Sosth\u00e8ne,\n<\/p><p class=\"verset\"><sup class=\"bible-verse-ref-versets\">2<\/sup> \u00e0\u00a0 l'\u00c9glise de Dieu qui est \u00e0\u00a0 Corinthe, \u00e0\u00a0 ceux qui ont \u00e9t\u00e9 sanctifi\u00e9s en J\u00e9sus Christ, appel\u00e9s \u00e0\u00a0 \u00eatre saints, et \u00e0\u00a0 tous ceux qui invoquent en quelque lieu que ce soit le nom de notre Seigneur J\u00e9sus Christ, leur Seigneur et le n\u00f4tre:\n<\/p><p class=\"verset\"><sup class=\"bible-verse-ref-versets\">3<\/sup> que la gr\u00e2ce et la paix vous soient donn\u00e9es de la part de Dieu notre P\u00e8re et du Seigneur J\u00e9sus Christ!\n<\/p><\/div>\n<p>&nbsp;<\/p>\n<p>Lecture de l&rsquo;Evangile : Jean 1 : 29-34<\/p>\n<div class=\"bible-verse-container\"> <span>Jean 1.29-34<\/span><p class=\"verset\"><sup class=\"bible-verse-ref-versets\">29<\/sup> Le lendemain, il vit J\u00e9sus venant \u00e0\u00a0 lui, et il dit: Voici l'Agneau de Dieu, qui \u00f4te le p\u00e9ch\u00e9 du monde.\n<\/p><p class=\"verset\"><sup class=\"bible-verse-ref-versets\">30<\/sup> C'est celui dont j'ai dit: Apr\u00e8s moi vient un homme qui m'a pr\u00e9c\u00e9d\u00e9, car il \u00e9tait avant moi.\n<\/p><p class=\"verset\"><sup class=\"bible-verse-ref-versets\">31<\/sup> Je ne le connaissais pas, mais c'est afin qu'il f\u00e0\u00bbt manifest\u00e9 \u00e0\u00a0 Isra\u00ebl que je suis venu baptiser d'eau.\n<\/p><p class=\"verset\"><sup class=\"bible-verse-ref-versets\">32<\/sup> Jean rendit ce t\u00e9moignage: J'ai vu l'Esprit descendre du ciel comme une colombe et s'arr\u00eater sur lui.\n<\/p><p class=\"verset\"><sup class=\"bible-verse-ref-versets\">33<\/sup> Je ne le connaissais pas, mais celui qui m'a envoy\u00e9 baptiser d'eau, celui-l\u00e0\u00a0 m'a dit: Celui sur qui tu verras l'Esprit descendre et s'arr\u00eater, c'est celui qui baptise du Saint Esprit.\n<\/p><p class=\"verset\"><sup class=\"bible-verse-ref-versets\">34<\/sup> Et j'ai vu, et j'ai rendu t\u00e9moignage qu'il est le Fils de Dieu.\n<\/p><\/div>\n","protected":false},"excerpt":{"rendered":"<p>Premi\u00e8re lecture : Esa\u00efe 49 : 3-6 Deuxi\u00e8me lecture : 1 Corinthiens 1 : 1-3 &nbsp; Lecture de l&rsquo;Evangile : Jean 1 : 29-34<\/p>\n","protected":false},"author":1,"featured_media":0,"comment_status":"closed","ping_status":"open","sticky":false,"template":"","format":"standard","meta":{"inline_featured_image":false,"footnotes":""},"categories":[25],"tags":[],"class_list":["post-1982","post","type-post","status-publish","format-standard","hentry","category-lectures-de-la-bibe"],"_links":{"self":[{"href":"https:\/\/fpma-vincennes.fr\/index.php\/wp-json\/wp\/v2\/posts\/1982","targetHints":{"allow":["GET"]}}],"collection":[{"href":"https:\/\/fpma-vincennes.fr\/index.php\/wp-json\/wp\/v2\/posts"}],"about":[{"href":"https:\/\/fpma-vincennes.fr\/index.php\/wp-json\/wp\/v2\/types\/post"}],"author":[{"embeddable":true,"href":"https:\/\/fpma-vincennes.fr\/index.php\/wp-json\/wp\/v2\/users\/1"}],"replies":[{"embeddable":true,"href":"https:\/\/fpma-vincennes.fr\/index.php\/wp-json\/wp\/v2\/comments?post=1982"}],"version-history":[{"count":1,"href":"https:\/\/fpma-vincennes.fr\/index.php\/wp-json\/wp\/v2\/posts\/1982\/revisions"}],"predecessor-version":[{"id":1984,"href":"https:\/\/fpma-vincennes.fr\/index.php\/wp-json\/wp\/v2\/posts\/1982\/revisions\/1984"}],"wp:attachment":[{"href":"https:\/\/fpma-vincennes.fr\/index.php\/wp-json\/wp\/v2\/media?parent=1982"}],"wp:term":[{"taxonomy":"category","embeddable":true,"href":"https:\/\/fpma-vincennes.fr\/index.php\/wp-json\/wp\/v2\/categories?post=1982"},{"taxonomy":"post_tag","embeddable":true,"href":"https:\/\/fpma-vincennes.fr\/index.php\/wp-json\/wp\/v2\/tags?post=1982"}],"curies":[{"name":"wp","href":"https:\/\/api.w.org\/{rel}","templated":true}]}}