{"id":1985,"date":"2022-12-17T20:48:51","date_gmt":"2022-12-17T19:48:51","guid":{"rendered":"https:\/\/fpma-vincennes.fr\/?p=1985"},"modified":"2022-12-17T21:07:28","modified_gmt":"2022-12-17T20:07:28","slug":"lectures-du-22-janvier-2023","status":"publish","type":"post","link":"https:\/\/fpma-vincennes.fr\/index.php\/2022\/12\/17\/lectures-du-22-janvier-2023\/","title":{"rendered":"Lectures du 22 janvier 2023"},"content":{"rendered":"<p>Premi\u00e8re lecture : Esa\u00efe 8 : 22-9:3<\/p>\n<div class=\"bible-verse-container\"> <span>Esa\u00efe 8.22<\/span><p class=\"verset\"><sup class=\"bible-verse-ref-versets\">22<\/sup> Puis il regardera vers la terre, Et voici, il n'y aura que d\u00e9tresse, obscurit\u00e9 et de sombres angoisses: Il sera repouss\u00e9 dans d'\u00e9paisses t\u00e9n\u00e8bres.\n<\/p><\/div>\n<p><div class=\"bible-verse-container\"> <span>Esa\u00efe 9.1-3<\/span><p class=\"verset\"><sup class=\"bible-verse-ref-versets\">1<\/sup> Le peuple qui Marchait dans les t\u00e9n\u00e8bres Voit une grande lumi\u00e8re; Sur ceux qui habitaient le pays de l'ombre de la mort Une lumi\u00e8re resplendit.\r\n<\/p><p class=\"verset\"><sup class=\"bible-verse-ref-versets\">2<\/sup> Tu rends le peuple nombreux, Tu lui accordes de grandes joies; Il se r\u00e9jouit devant toi, comme on se r\u00e9jouit \u00e0\u00a0 la moisson, Comme on pousse des cris d'all\u00e9gresse au partage du butin.\r\n<\/p><p class=\"verset\"><sup class=\"bible-verse-ref-versets\">3<\/sup> Car le joug qui pesait sur lui, Le b\u00e2ton qui frappait son dos, La verge de celui qui l'opprimait, Tu les brises, comme \u00e0\u00a0 la journ\u00e9e de Madian.\r\n<\/p><\/div><br \/>\nDeuxi\u00e8me lecture : 1 Corinthiens 1 : 10-13,17<\/p>\n<div class=\"bible-verse-container\"> <span>1 Corinthiens 1.10-13<\/span><p class=\"verset\"><sup class=\"bible-verse-ref-versets\">10<\/sup> Je vous exhorte, fr\u00e8res, par le nom de notre Seigneur J\u00e9sus Christ, \u00e0\u00a0 tenir tous un m\u00eame langage, et \u00e0\u00a0 ne point avoir de divisions parmi vous, mais \u00e0\u00a0 \u00eatre parfaitement unis dans un m\u00eame esprit et dans un m\u00eame sentiment.\n<\/p><p class=\"verset\"><sup class=\"bible-verse-ref-versets\">11<\/sup> Car, mes fr\u00e8res, j'ai appris \u00e0\u00a0 votre sujet, par les gens de Chlo\u00e9, qu'il y a des disputes au milieu de vous.\n<\/p><p class=\"verset\"><sup class=\"bible-verse-ref-versets\">12<\/sup> Je veux dire que chacun de vous parle ainsi: Moi, je suis de Paul! et moi, d'Apollos! et moi, de C\u00e9phas! et moi, de Christ!\n<\/p><p class=\"verset\"><sup class=\"bible-verse-ref-versets\">13<\/sup> Christ est-il divis\u00e9? Paul a-t-il \u00e9t\u00e9 crucifi\u00e9 pour vous, ou est-ce au nom de Paul que vous avez \u00e9t\u00e9 baptis\u00e9s?\n<\/p><\/div>\n<div class=\"bible-verse-container\"> <span>1 Corinthiens 1.17<\/span><p class=\"verset\"><sup class=\"bible-verse-ref-versets\">17<\/sup> Ce n'est pas pour baptiser que Christ m'a envoy\u00e9, c'est pour annoncer l'\u00c9vangile, et cela sans la sagesse du langage, afin que la croix de Christ ne soit pas rendue vaine.\n<\/p><\/div>\n<p>&nbsp;<\/p>\n<p>Lecture de l&rsquo;Evangile : Matthieu 4 : 12-23<\/p>\n<div class=\"bible-verse-container\"> <span>Matthieu 4.12-23<\/span><p class=\"verset\"><sup class=\"bible-verse-ref-versets\">12<\/sup> J\u00e9sus, ayant appris que Jean avait \u00e9t\u00e9 livr\u00e9, se retira dans la Galil\u00e9e.\n<\/p><p class=\"verset\"><sup class=\"bible-verse-ref-versets\">13<\/sup> Il quitta Nazareth, et vint demeurer \u00e0\u00a0 Caperna\u00fcm, situ\u00e9e pr\u00e8s de la mer, dans le territoire de Zabulon et de Nephthali,\n<\/p><p class=\"verset\"><sup class=\"bible-verse-ref-versets\">14<\/sup> afin que s'accompl\u00eet ce qui avait \u00e9t\u00e9 annonc\u00e9 par \u00c9sa\u00efe, le proph\u00e8te:\n<\/p><p class=\"verset\"><sup class=\"bible-verse-ref-versets\">15<\/sup> Le peuple de Zabulon et de Nephthali, De la contr\u00e9e voisine de la mer, du pays au del\u00e0\u00a0 du Jourdain, Et de la Galil\u00e9e des Gentils,\n<\/p><p class=\"verset\"><sup class=\"bible-verse-ref-versets\">16<\/sup> Ce peuple, assis dans les t\u00e9n\u00e8bres, A vu une grande lumi\u00e8re; Et sur ceux qui \u00e9taient assis dans la r\u00e9gion et l'ombre de la mort La lumi\u00e8re s'est lev\u00e9e.\n<\/p><p class=\"verset\"><sup class=\"bible-verse-ref-versets\">17<\/sup> D\u00e8s ce moment J\u00e9sus commen\u00e0\u00a7a \u00e0\u00a0 pr\u00eacher, et \u00e0\u00a0 dire: Repentez-vous, car le royaume des cieux est proche.\n<\/p><p class=\"verset\"><sup class=\"bible-verse-ref-versets\">18<\/sup> Comme il Marchait le long de la mer de Galil\u00e9e, il vit deux fr\u00e8res, Simon, appel\u00e9 Pierre, et Andr\u00e9, son fr\u00e8re, qui jetaient un filet dans la mer; car ils \u00e9taient p\u00eacheurs.\n<\/p><p class=\"verset\"><sup class=\"bible-verse-ref-versets\">19<\/sup> Il leur dit: Suivez-moi, et je vous ferai p\u00eacheurs d'hommes.\n<\/p><p class=\"verset\"><sup class=\"bible-verse-ref-versets\">20<\/sup> Aussit\u00f4t, ils laiss\u00e8rent les filets, et le suivirent.\n<\/p><p class=\"verset\"><sup class=\"bible-verse-ref-versets\">21<\/sup> De l\u00e0\u00a0 \u00e9tant all\u00e9 plus loin, il vit deux autres fr\u00e8res, Jacques, fils de Z\u00e9b\u00e9d\u00e9e, et Jean, son fr\u00e8re, qui \u00e9taient dans une barque avec Z\u00e9b\u00e9d\u00e9e, leur p\u00e8re, et qui r\u00e9paraient leurs filets.\n<\/p><p class=\"verset\"><sup class=\"bible-verse-ref-versets\">22<\/sup> Il les appela, et aussit\u00f4t ils laiss\u00e8rent la barque et leur p\u00e8re, et le suivirent.\n<\/p><p class=\"verset\"><sup class=\"bible-verse-ref-versets\">23<\/sup> J\u00e9sus parcourait toute la Galil\u00e9e, enseignant dans les synagogues, pr\u00eachant la bonne nouvelle du royaume, et gu\u00e9rissant toute maladie et toute infirmit\u00e9 parmi le peuple.\n<\/p><\/div>\n","protected":false},"excerpt":{"rendered":"<p>Premi\u00e8re lecture : Esa\u00efe 8 : 22-9:3 Deuxi\u00e8me lecture : 1 Corinthiens 1 : 10-13,17 &nbsp; Lecture de l&rsquo;Evangile : Matthieu 4 : 12-23<\/p>\n","protected":false},"author":1,"featured_media":0,"comment_status":"closed","ping_status":"open","sticky":false,"template":"","format":"standard","meta":{"inline_featured_image":false,"footnotes":""},"categories":[25],"tags":[],"class_list":["post-1985","post","type-post","status-publish","format-standard","hentry","category-lectures-de-la-bibe"],"_links":{"self":[{"href":"https:\/\/fpma-vincennes.fr\/index.php\/wp-json\/wp\/v2\/posts\/1985","targetHints":{"allow":["GET"]}}],"collection":[{"href":"https:\/\/fpma-vincennes.fr\/index.php\/wp-json\/wp\/v2\/posts"}],"about":[{"href":"https:\/\/fpma-vincennes.fr\/index.php\/wp-json\/wp\/v2\/types\/post"}],"author":[{"embeddable":true,"href":"https:\/\/fpma-vincennes.fr\/index.php\/wp-json\/wp\/v2\/users\/1"}],"replies":[{"embeddable":true,"href":"https:\/\/fpma-vincennes.fr\/index.php\/wp-json\/wp\/v2\/comments?post=1985"}],"version-history":[{"count":3,"href":"https:\/\/fpma-vincennes.fr\/index.php\/wp-json\/wp\/v2\/posts\/1985\/revisions"}],"predecessor-version":[{"id":1988,"href":"https:\/\/fpma-vincennes.fr\/index.php\/wp-json\/wp\/v2\/posts\/1985\/revisions\/1988"}],"wp:attachment":[{"href":"https:\/\/fpma-vincennes.fr\/index.php\/wp-json\/wp\/v2\/media?parent=1985"}],"wp:term":[{"taxonomy":"category","embeddable":true,"href":"https:\/\/fpma-vincennes.fr\/index.php\/wp-json\/wp\/v2\/categories?post=1985"},{"taxonomy":"post_tag","embeddable":true,"href":"https:\/\/fpma-vincennes.fr\/index.php\/wp-json\/wp\/v2\/tags?post=1985"}],"curies":[{"name":"wp","href":"https:\/\/api.w.org\/{rel}","templated":true}]}}