{"id":2121,"date":"2023-03-10T01:05:06","date_gmt":"2023-03-10T00:05:06","guid":{"rendered":"https:\/\/fpma-vincennes.fr\/?p=2121"},"modified":"2023-03-10T01:19:34","modified_gmt":"2023-03-10T00:19:34","slug":"lectures-du-02-avril-2023","status":"publish","type":"post","link":"https:\/\/fpma-vincennes.fr\/index.php\/2023\/03\/10\/lectures-du-02-avril-2023\/","title":{"rendered":"Lectures du 02 avril 2023"},"content":{"rendered":"<p>Premi\u00e8re lecture : Esa\u00efe 50 : 4-7<\/p>\n<div class=\"bible-verse-container\"> <span>Esa\u00efe 50.4-7<\/span><p class=\"verset\"><sup class=\"bible-verse-ref-versets\">4<\/sup> Le Seigneur, l'\u00c9ternel, m'a donn\u00e9 une langue exerc\u00e9e, Pour que je sache soutenir par la parole celui qui est abattu; Il \u00e9veille, chaque matin, il \u00e9veille mon oreille, Pour que j'\u00e9coute comme \u00e9coutent des disciples.\n<\/p><p class=\"verset\"><sup class=\"bible-verse-ref-versets\">5<\/sup> Le Seigneur, l'\u00c9ternel, m'a ouvert l'oreille, Et je n'ai point r\u00e9sist\u00e9, Je ne me suis point retir\u00e9 en arri\u00e8re.\n<\/p><p class=\"verset\"><sup class=\"bible-verse-ref-versets\">6<\/sup> J'ai livr\u00e9 mon dos \u00e0\u00a0 ceux qui me frappaient, Et mes joues \u00e0\u00a0 ceux qui m'arrachaient la barbe; Je n'ai pas d\u00e9rob\u00e9 mon visage Aux ignominies et aux crachats.\n<\/p><p class=\"verset\"><sup class=\"bible-verse-ref-versets\">7<\/sup> Mais le Seigneur, l'\u00c9ternel, m'a secouru; C'est pourquoi je n'ai point \u00e9t\u00e9 d\u00e9shonor\u00e9, C'est pourquoi j'ai rendu mon visage semblable \u00e0\u00a0 un caillou, Sachant que je ne serais point confondu.\n<\/p><\/div>\n<p>Deuxi\u00e8me lecture : Philippiens 2 : 6-11<\/p>\n<div class=\"bible-verse-container\"> <span>Philipiens 2.6-11<\/span><p class=\"verset\"><sup class=\"bible-verse-ref-versets\">6<\/sup> lequel, existant en forme de Dieu, n'a point regard\u00e9 comme une proie \u00e0\u00a0 arracher d'\u00eatre \u00e9gal avec Dieu,\n<\/p><p class=\"verset\"><sup class=\"bible-verse-ref-versets\">7<\/sup> mais s'est d\u00e9pouill\u00e9 lui-m\u00eame, en prenant une forme de serviteur, en devenant semblable aux hommes; et ayant paru comme un simple homme,\n<\/p><p class=\"verset\"><sup class=\"bible-verse-ref-versets\">8<\/sup> il s'est humili\u00e9 lui-m\u00eame, se rendant ob\u00e9issant jusqu'\u00e0\u00a0 la mort, m\u00eame jusqu'\u00e0\u00a0 la mort de la croix.\n<\/p><p class=\"verset\"><sup class=\"bible-verse-ref-versets\">9<\/sup> C'est pourquoi aussi Dieu l'a souverainement \u00e9lev\u00e9, et lui a donn\u00e9 le nom qui est au-dessus de tout nom,\n<\/p><p class=\"verset\"><sup class=\"bible-verse-ref-versets\">10<\/sup> afin qu'au nom de J\u00e9sus tout genou fl\u00e9chisse dans les cieux, sur la terre et sous la terre,\n<\/p><p class=\"verset\"><sup class=\"bible-verse-ref-versets\">11<\/sup> et que toute langue confesse que J\u00e9sus Christ est Seigneur, \u00e0\u00a0 la gloire de Dieu le P\u00e8re.\n<\/p><\/div>\n<p>Lecture de l&rsquo;Evangile : Matthieu 21 : 1-11<\/p>\n<div class=\"bible-verse-container\"> <span>Matthieu 21.1-11<\/span><p class=\"verset\"><sup class=\"bible-verse-ref-versets\">1<\/sup> Lorsqu'ils approch\u00e8rent de J\u00e9rusalem, et qu'ils furent arriv\u00e9s \u00e0\u00a0 Bethphag\u00e9, vers la montagne des Oliviers, J\u00e9sus envoya deux disciples,\n<\/p><p class=\"verset\"><sup class=\"bible-verse-ref-versets\">2<\/sup> en leur disant: Allez au village qui est devant vous; vous trouverez aussit\u00f4t une \u00e2nesse attach\u00e9e, et un \u00e2non avec elle; d\u00e9tachez-les, et amenez-les-moi.\n<\/p><p class=\"verset\"><sup class=\"bible-verse-ref-versets\">3<\/sup> Si, quelqu'un vous dit quelque chose, vous r\u00e9pondrez: Le Seigneur en a besoin. Et \u00e0\u00a0 l'instant il les laissera aller.\n<\/p><p class=\"verset\"><sup class=\"bible-verse-ref-versets\">4<\/sup> Or, ceci arriva afin que s'accompl\u00eet ce qui avait \u00e9t\u00e9 annonc\u00e9 par le proph\u00e8te:\n<\/p><p class=\"verset\"><sup class=\"bible-verse-ref-versets\">5<\/sup> Dites \u00e0\u00a0 la fille de Sion: Voici, ton roi vient \u00e0\u00a0 toi, Plein de douceur, et mont\u00e9 sur un \u00e2ne, Sur un \u00e2non, le petit d'une \u00e2nesse.\n<\/p><p class=\"verset\"><sup class=\"bible-verse-ref-versets\">6<\/sup> Les disciples all\u00e8rent, et firent ce que J\u00e9sus leur avait ordonn\u00e9.\n<\/p><p class=\"verset\"><sup class=\"bible-verse-ref-versets\">7<\/sup> Ils amen\u00e8rent l'\u00e2nesse et l'\u00e2non, mirent sur eux leurs v\u00eatements, et le firent asseoir dessus.\n<\/p><p class=\"verset\"><sup class=\"bible-verse-ref-versets\">8<\/sup> La plupart des gens de la foule \u00e9tendirent leurs v\u00eatements sur le chemin; d'autres coup\u00e8rent des branches d'arbres, et en jonch\u00e8rent la route.\n<\/p><p class=\"verset\"><sup class=\"bible-verse-ref-versets\">9<\/sup> Ceux qui pr\u00e9c\u00e9daient et ceux qui suivaient J\u00e9sus criaient: Hosanna au Fils de David! B\u00e9ni soit celui qui vient au nom du Seigneur! Hosanna dans les lieux tr\u00e8s hauts!\n<\/p><p class=\"verset\"><sup class=\"bible-verse-ref-versets\">10<\/sup> Lorsqu'il entra dans J\u00e9rusalem, toute la ville fut \u00e9mue, et l'on disait: Qui est celui-ci?\n<\/p><p class=\"verset\"><sup class=\"bible-verse-ref-versets\">11<\/sup> La foule r\u00e9pondait: C'est J\u00e9sus, le proph\u00e8te, de Nazareth en Galil\u00e9e.\n<\/p><\/div>\n","protected":false},"excerpt":{"rendered":"<p>Premi\u00e8re lecture : Esa\u00efe 50 : 4-7 Deuxi\u00e8me lecture : Philippiens 2 : 6-11 Lecture de l&rsquo;Evangile : Matthieu 21 : 1-11<\/p>\n","protected":false},"author":1,"featured_media":0,"comment_status":"closed","ping_status":"open","sticky":false,"template":"","format":"standard","meta":{"inline_featured_image":false,"footnotes":""},"categories":[25],"tags":[],"class_list":["post-2121","post","type-post","status-publish","format-standard","hentry","category-lectures-de-la-bibe"],"_links":{"self":[{"href":"https:\/\/fpma-vincennes.fr\/index.php\/wp-json\/wp\/v2\/posts\/2121","targetHints":{"allow":["GET"]}}],"collection":[{"href":"https:\/\/fpma-vincennes.fr\/index.php\/wp-json\/wp\/v2\/posts"}],"about":[{"href":"https:\/\/fpma-vincennes.fr\/index.php\/wp-json\/wp\/v2\/types\/post"}],"author":[{"embeddable":true,"href":"https:\/\/fpma-vincennes.fr\/index.php\/wp-json\/wp\/v2\/users\/1"}],"replies":[{"embeddable":true,"href":"https:\/\/fpma-vincennes.fr\/index.php\/wp-json\/wp\/v2\/comments?post=2121"}],"version-history":[{"count":1,"href":"https:\/\/fpma-vincennes.fr\/index.php\/wp-json\/wp\/v2\/posts\/2121\/revisions"}],"predecessor-version":[{"id":2122,"href":"https:\/\/fpma-vincennes.fr\/index.php\/wp-json\/wp\/v2\/posts\/2121\/revisions\/2122"}],"wp:attachment":[{"href":"https:\/\/fpma-vincennes.fr\/index.php\/wp-json\/wp\/v2\/media?parent=2121"}],"wp:term":[{"taxonomy":"category","embeddable":true,"href":"https:\/\/fpma-vincennes.fr\/index.php\/wp-json\/wp\/v2\/categories?post=2121"},{"taxonomy":"post_tag","embeddable":true,"href":"https:\/\/fpma-vincennes.fr\/index.php\/wp-json\/wp\/v2\/tags?post=2121"}],"curies":[{"name":"wp","href":"https:\/\/api.w.org\/{rel}","templated":true}]}}