{"id":2130,"date":"2023-03-10T01:31:50","date_gmt":"2023-03-10T00:31:50","guid":{"rendered":"https:\/\/fpma-vincennes.fr\/?p=2130"},"modified":"2023-03-10T01:32:08","modified_gmt":"2023-03-10T00:32:08","slug":"lectures-du-09-avril-2023","status":"publish","type":"post","link":"https:\/\/fpma-vincennes.fr\/index.php\/2023\/03\/10\/lectures-du-09-avril-2023\/","title":{"rendered":"Lectures du 09 avril 2023"},"content":{"rendered":"<p>Premi\u00e8re lecture : Actes 10 : 34-43<\/p>\n<div class=\"bible-verse-container\"> <span>Actes 10.34-43<\/span><p class=\"verset\"><sup class=\"bible-verse-ref-versets\">34<\/sup> Alors Pierre, ouvrant la bouche, dit: En v\u00e9rit\u00e9, je reconnais que Dieu ne fait point acception de personnes,\n<\/p><p class=\"verset\"><sup class=\"bible-verse-ref-versets\">35<\/sup> mais qu'en toute nation celui qui le craint et qui pratique la justice lui est agr\u00e9able.\n<\/p><p class=\"verset\"><sup class=\"bible-verse-ref-versets\">36<\/sup> Il a envoy\u00e9 la parole aux fils d'Isra\u00ebl, en leur annon\u00e0\u00a7ant la paix par J\u00e9sus Christ, qui est le Seigneur de tous.\n<\/p><p class=\"verset\"><sup class=\"bible-verse-ref-versets\">37<\/sup> Vous savez ce qui est arriv\u00e9 dans toute la Jud\u00e9e, apr\u00e8s avoir commenc\u00e9 en Galil\u00e9e, \u00e0\u00a0 la suite du bapt\u00eame que Jean a pr\u00each\u00e9;\n<\/p><p class=\"verset\"><sup class=\"bible-verse-ref-versets\">38<\/sup> vous savez comment Dieu a oint du Saint Esprit et de force J\u00e9sus de Nazareth, qui allait de lieu en lieu faisant du bien et gu\u00e9rissant tous ceux qui \u00e9taient sous l'empire du diable, car Dieu \u00e9tait avec lui.\n<\/p><p class=\"verset\"><sup class=\"bible-verse-ref-versets\">39<\/sup> Nous sommes t\u00e9moins de tout ce qu'il a fait dans le pays des Juifs et \u00e0\u00a0 J\u00e9rusalem. Ils l'ont tu\u00e9, en le pendant au bois.\n<\/p><p class=\"verset\"><sup class=\"bible-verse-ref-versets\">40<\/sup> Dieu l'a ressuscit\u00e9 le troisi\u00e8me jour, et il a permis qu'il appar\u00e0\u00bbt,\n<\/p><p class=\"verset\"><sup class=\"bible-verse-ref-versets\">41<\/sup> non \u00e0\u00a0 tout le peuple, mais aux t\u00e9moins choisis d'avance par Dieu, \u00e0\u00a0 nous qui avons mang\u00e9 et bu avec lui, apr\u00e8s qu'il fut ressuscit\u00e9 des morts.\n<\/p><p class=\"verset\"><sup class=\"bible-verse-ref-versets\">42<\/sup> Et J\u00e9sus nous a ordonn\u00e9 de pr\u00eacher au peuple et d'attester que c'est lui qui a \u00e9t\u00e9 \u00e9tabli par Dieu juge des vivants et des morts.\n<\/p><p class=\"verset\"><sup class=\"bible-verse-ref-versets\">43<\/sup> Tous les proph\u00e8tes rendent de lui le t\u00e9moignage que quiconque croit en lui re\u00e0\u00a7oit par son nom le pardon des p\u00e9ch\u00e9s.\n<\/p><\/div>\n<p>Deuxi\u00e8me lecture : 1 Corinthiens 5 : 6-8<\/p>\n<div class=\"bible-verse-container\"> <span>1 Corinthiens 5.6-8<\/span><p class=\"verset\"><sup class=\"bible-verse-ref-versets\">6<\/sup> C'est bien \u00e0\u00a0 tort que vous vous glorifiez. Ne savez-vous pas qu'un peu de levain fait lever toute la p\u00e2te?\n<\/p><p class=\"verset\"><sup class=\"bible-verse-ref-versets\">7<\/sup> Faites dispara\u00eetre le vieux levain, afin que vous soyez une p\u00e2te nouvelle, puisque vous \u00eates sans levain, car Christ, notre P\u00e2que, a \u00e9t\u00e9 immol\u00e9.\n<\/p><p class=\"verset\"><sup class=\"bible-verse-ref-versets\">8<\/sup> C\u00e9l\u00e9brons donc la f\u00eate, non avec du vieux levain, non avec un levain de malice et de m\u00e9chancet\u00e9, mais avec les pains sans levain de la puret\u00e9 et de la v\u00e9rit\u00e9.\n<\/p><\/div>\n<p>Lecture de l&rsquo;Evangile : Jean 20 : 1-9<\/p>\n<div class=\"bible-verse-container\"> <span>Jean 20.1-9<\/span><p class=\"verset\"><sup class=\"bible-verse-ref-versets\">1<\/sup> Le premier jour de la semaine, Marie de Magdala se rendit au s\u00e9pulcre d\u00e8s le matin, comme il faisait encore obscur; et elle vit que la pierre \u00e9tait \u00f4t\u00e9e du s\u00e9pulcre.\n<\/p><p class=\"verset\"><sup class=\"bible-verse-ref-versets\">2<\/sup> Elle courut vers Simon Pierre et vers l'autre disciple que J\u00e9sus aimait, et leur dit: Ils ont enlev\u00e9 du s\u00e9pulcre le Seigneur, et nous ne savons o\u00f9 ils l'ont mis.\n<\/p><p class=\"verset\"><sup class=\"bible-verse-ref-versets\">3<\/sup> Pierre et l'autre disciple sortirent, et all\u00e8rent au s\u00e9pulcre.\n<\/p><p class=\"verset\"><sup class=\"bible-verse-ref-versets\">4<\/sup> Ils couraient tous deux ensemble. Mais l'autre disciple courut plus vite que Pierre, et arriva le premier au s\u00e9pulcre;\n<\/p><p class=\"verset\"><sup class=\"bible-verse-ref-versets\">5<\/sup> s'\u00e9tant baiss\u00e9, il vit les bandes qui \u00e9taient \u00e0\u00a0 terre, cependant il n'entra pas.\n<\/p><p class=\"verset\"><sup class=\"bible-verse-ref-versets\">6<\/sup> Simon Pierre, qui le suivait, arriva et entra dans le s\u00e9pulcre; il vit les bandes qui \u00e9taient \u00e0\u00a0 terre,\n<\/p><p class=\"verset\"><sup class=\"bible-verse-ref-versets\">7<\/sup> et le linge qu'on avait mis sur la t\u00eate de J\u00e9sus, non pas avec les bandes, mais pli\u00e9 dans un lieu \u00e0\u00a0 part.\n<\/p><p class=\"verset\"><sup class=\"bible-verse-ref-versets\">8<\/sup> Alors l'autre disciple, qui \u00e9tait arriv\u00e9 le premier au s\u00e9pulcre, entra aussi; et il vit, et il crut.\n<\/p><p class=\"verset\"><sup class=\"bible-verse-ref-versets\">9<\/sup> Car ils ne comprenaient pas encore que, selon l'\u00c9criture, J\u00e9sus devait ressusciter des morts.\n<\/p><\/div>\n","protected":false},"excerpt":{"rendered":"<p>Premi\u00e8re lecture : Actes 10 : 34-43 Deuxi\u00e8me lecture : 1 Corinthiens 5 : 6-8 Lecture de l&rsquo;Evangile : Jean 20 : 1-9<\/p>\n","protected":false},"author":1,"featured_media":0,"comment_status":"closed","ping_status":"open","sticky":false,"template":"","format":"standard","meta":{"inline_featured_image":false,"footnotes":""},"categories":[25],"tags":[],"class_list":["post-2130","post","type-post","status-publish","format-standard","hentry","category-lectures-de-la-bibe"],"_links":{"self":[{"href":"https:\/\/fpma-vincennes.fr\/index.php\/wp-json\/wp\/v2\/posts\/2130","targetHints":{"allow":["GET"]}}],"collection":[{"href":"https:\/\/fpma-vincennes.fr\/index.php\/wp-json\/wp\/v2\/posts"}],"about":[{"href":"https:\/\/fpma-vincennes.fr\/index.php\/wp-json\/wp\/v2\/types\/post"}],"author":[{"embeddable":true,"href":"https:\/\/fpma-vincennes.fr\/index.php\/wp-json\/wp\/v2\/users\/1"}],"replies":[{"embeddable":true,"href":"https:\/\/fpma-vincennes.fr\/index.php\/wp-json\/wp\/v2\/comments?post=2130"}],"version-history":[{"count":1,"href":"https:\/\/fpma-vincennes.fr\/index.php\/wp-json\/wp\/v2\/posts\/2130\/revisions"}],"predecessor-version":[{"id":2131,"href":"https:\/\/fpma-vincennes.fr\/index.php\/wp-json\/wp\/v2\/posts\/2130\/revisions\/2131"}],"wp:attachment":[{"href":"https:\/\/fpma-vincennes.fr\/index.php\/wp-json\/wp\/v2\/media?parent=2130"}],"wp:term":[{"taxonomy":"category","embeddable":true,"href":"https:\/\/fpma-vincennes.fr\/index.php\/wp-json\/wp\/v2\/categories?post=2130"},{"taxonomy":"post_tag","embeddable":true,"href":"https:\/\/fpma-vincennes.fr\/index.php\/wp-json\/wp\/v2\/tags?post=2130"}],"curies":[{"name":"wp","href":"https:\/\/api.w.org\/{rel}","templated":true}]}}