{"id":2263,"date":"2023-08-01T00:02:55","date_gmt":"2023-07-31T22:02:55","guid":{"rendered":"https:\/\/fpma-vincennes.fr\/?p=2263"},"modified":"2023-05-28T20:46:19","modified_gmt":"2023-05-28T18:46:19","slug":"lectures-du-03-septembre-2023","status":"publish","type":"post","link":"https:\/\/fpma-vincennes.fr\/index.php\/2023\/08\/01\/lectures-du-03-septembre-2023\/","title":{"rendered":"Lectures du 03 septembre 2023"},"content":{"rendered":"<p>Premi\u00e8re lecture : Jer\u00e9mie 20 : 7-9<\/p>\n<div class=\"bible-verse-container\"> <span>Jer\u00e9mie 20.7-9<\/span><p class=\"verset\"><sup class=\"bible-verse-ref-versets\">7<\/sup> Tu m'as persuad\u00e9, \u00c9ternel, et je me suis laiss\u00e9 persuader; Tu m'as saisi, tu m'as vaincu. Et je suis chaque jour un objet de raillerie, Tout le monde se moque de moi.\n<\/p><p class=\"verset\"><sup class=\"bible-verse-ref-versets\">8<\/sup> Car toutes les fois que je parle, il faut que je crie, Que je crie \u00e0\u00a0 la violence et \u00e0\u00a0 l'oppression! Et la parole de l'\u00c9ternel est pour moi Un sujet d'opprobre et de ris\u00e9e chaque jour.\n<\/p><p class=\"verset\"><sup class=\"bible-verse-ref-versets\">9<\/sup> Si je dis: Je ne ferai plus mention de lui, Je ne parlerai plus en son nom, Il y a dans mon coeur comme un feu d\u00e9vorant Qui est renferm\u00e9 dans mes os. Je m'efforce de le contenir, et je ne le puis.\n<\/p><\/div>\n<p>Deuxi\u00e8me lecture : Romains 12 : 1-2<\/p>\n<div class=\"bible-verse-container\"> <span>Romains 12.1-2<\/span><p class=\"verset\"><sup class=\"bible-verse-ref-versets\">1<\/sup> Je vous exhorte donc, fr\u00e8res, par les compassions de Dieu, \u00e0\u00a0 offrir vos corps comme un sacrifice vivant, saint, agr\u00e9able \u00e0\u00a0 Dieu, ce qui sera de votre part un culte raisonnable.\n<\/p><p class=\"verset\"><sup class=\"bible-verse-ref-versets\">2<\/sup> Ne vous conformez pas au si\u00e8cle pr\u00e9sent, mais soyez transform\u00e9s par le renouvellement de l'intelligence, afin que vous discerniez quelle est la volont\u00e9 de Dieu, ce qui est bon, agr\u00e9able et parfait.\n<\/p><\/div>\n<p>Lecture de l&rsquo;Evangile : Matthieu 16 : 21-27<\/p>\n<div class=\"bible-verse-container\"> <span>Matthieu 16.21-27<\/span><p class=\"verset\"><sup class=\"bible-verse-ref-versets\">21<\/sup> D\u00e8s lors J\u00e9sus commen\u00e0\u00a7a \u00e0\u00a0 faire conna\u00eetre \u00e0\u00a0 ses disciples qu'il fallait qu'il all\u00e2t \u00e0\u00a0 J\u00e9rusalem, qu'il souffr\u00eet beaucoup de la part des anciens, des principaux sacrificateurs et des scribes, qu'il f\u00e0\u00bbt mis \u00e0\u00a0 mort, et qu'il ressuscit\u00e2t le troisi\u00e8me jour.\n<\/p><p class=\"verset\"><sup class=\"bible-verse-ref-versets\">22<\/sup> Pierre, l'ayant pris \u00e0\u00a0 part, se mit \u00e0\u00a0 le reprendre, et dit: A Dieu ne plaise, Seigneur! Cela ne t'arrivera pas.\n<\/p><p class=\"verset\"><sup class=\"bible-verse-ref-versets\">23<\/sup> Mais J\u00e9sus, se retournant, dit \u00e0\u00a0 Pierre: Arri\u00e8re de moi, Satan! tu m'es en scandale; car tes pens\u00e9es ne sont pas les pens\u00e9es de Dieu, mais celles des hommes.\n<\/p><p class=\"verset\"><sup class=\"bible-verse-ref-versets\">24<\/sup> Alors J\u00e9sus dit \u00e0\u00a0 ses disciples: Si quelqu'un veut venir apr\u00e8s moi, qu'il renonce \u00e0\u00a0 lui-m\u00eame, qu'il se charge de sa croix, et qu'il me suive.\n<\/p><p class=\"verset\"><sup class=\"bible-verse-ref-versets\">25<\/sup> Car celui qui voudra sauver sa vie la perdra, mais celui qui la perdra \u00e0\u00a0 cause de moi la trouvera.\n<\/p><p class=\"verset\"><sup class=\"bible-verse-ref-versets\">26<\/sup> Et que servirait-il \u00e0\u00a0 un homme de gagner tout le monde, s'il perdait son \u00e2me? ou, que donnerait un homme en \u00e9change de son \u00e2me?\n<\/p><p class=\"verset\"><sup class=\"bible-verse-ref-versets\">27<\/sup> Car le Fils de l'homme doit venir dans la gloire de son P\u00e8re, avec ses anges; et alors il rendra \u00e0\u00a0 chacun selon ses oeuvres.\n<\/p><\/div>\n","protected":false},"excerpt":{"rendered":"<p>Premi\u00e8re lecture : Jer\u00e9mie 20 : 7-9 Deuxi\u00e8me lecture : Romains 12 : 1-2 Lecture de l&rsquo;Evangile : Matthieu 16 : 21-27<\/p>\n","protected":false},"author":1,"featured_media":0,"comment_status":"closed","ping_status":"open","sticky":false,"template":"","format":"standard","meta":{"inline_featured_image":false,"footnotes":""},"categories":[25],"tags":[],"class_list":["post-2263","post","type-post","status-publish","format-standard","hentry","category-lectures-de-la-bibe"],"_links":{"self":[{"href":"https:\/\/fpma-vincennes.fr\/index.php\/wp-json\/wp\/v2\/posts\/2263","targetHints":{"allow":["GET"]}}],"collection":[{"href":"https:\/\/fpma-vincennes.fr\/index.php\/wp-json\/wp\/v2\/posts"}],"about":[{"href":"https:\/\/fpma-vincennes.fr\/index.php\/wp-json\/wp\/v2\/types\/post"}],"author":[{"embeddable":true,"href":"https:\/\/fpma-vincennes.fr\/index.php\/wp-json\/wp\/v2\/users\/1"}],"replies":[{"embeddable":true,"href":"https:\/\/fpma-vincennes.fr\/index.php\/wp-json\/wp\/v2\/comments?post=2263"}],"version-history":[{"count":6,"href":"https:\/\/fpma-vincennes.fr\/index.php\/wp-json\/wp\/v2\/posts\/2263\/revisions"}],"predecessor-version":[{"id":2267,"href":"https:\/\/fpma-vincennes.fr\/index.php\/wp-json\/wp\/v2\/posts\/2263\/revisions\/2267"}],"wp:attachment":[{"href":"https:\/\/fpma-vincennes.fr\/index.php\/wp-json\/wp\/v2\/media?parent=2263"}],"wp:term":[{"taxonomy":"category","embeddable":true,"href":"https:\/\/fpma-vincennes.fr\/index.php\/wp-json\/wp\/v2\/categories?post=2263"},{"taxonomy":"post_tag","embeddable":true,"href":"https:\/\/fpma-vincennes.fr\/index.php\/wp-json\/wp\/v2\/tags?post=2263"}],"curies":[{"name":"wp","href":"https:\/\/api.w.org\/{rel}","templated":true}]}}