{"id":2270,"date":"2023-07-01T00:02:33","date_gmt":"2023-06-30T22:02:33","guid":{"rendered":"https:\/\/fpma-vincennes.fr\/?p=2270"},"modified":"2023-05-28T20:47:03","modified_gmt":"2023-05-28T18:47:03","slug":"lectures-du-27-aout-2023","status":"publish","type":"post","link":"https:\/\/fpma-vincennes.fr\/index.php\/2023\/07\/01\/lectures-du-27-aout-2023\/","title":{"rendered":"Lectures du 27 ao\u00fbt 2023"},"content":{"rendered":"<p>Premi\u00e8re lecture : Esa\u00efe 22 : 19-23<\/p>\n<div class=\"bible-verse-container\"> <span>Esa\u00efe 22.19-23<\/span><p class=\"verset\"><sup class=\"bible-verse-ref-versets\">19<\/sup> Je te chasserai de ton poste, L'\u00c9ternel t'arrachera de ta place.\n<\/p><p class=\"verset\"><sup class=\"bible-verse-ref-versets\">20<\/sup> En ce jour-l\u00e0\u00a0, J'appellerai mon serviteur \u00c9liakim, fils de Hilkija;\n<\/p><p class=\"verset\"><sup class=\"bible-verse-ref-versets\">21<\/sup> Je le rev\u00eatirai de ta tunique, je le ceindrai de ta ceinture, Et je remettrai ton pouvoir entre ses mains; Il sera un p\u00e8re pour les habitants de J\u00e9rusalem Et pour la maison de Juda.\n<\/p><p class=\"verset\"><sup class=\"bible-verse-ref-versets\">22<\/sup> Je mettrai sur son \u00e9paule la cl\u00e9 de la maison de David: Quand il ouvrira, nul ne fermera; Quand il fermera, nul n'ouvrira.\n<\/p><p class=\"verset\"><sup class=\"bible-verse-ref-versets\">23<\/sup> Je l'enfoncerai comme un clou dans un lieu s\u00e0\u00bbr, Et il sera un si\u00e8ge de gloire pour la maison de son p\u00e8re.\n<\/p><\/div>\n<p>Deuxi\u00e8me lecture : Romains 11 : 33-36<\/p>\n<div class=\"bible-verse-container\"> <span>Romains 11.33-36<\/span><p class=\"verset\"><sup class=\"bible-verse-ref-versets\">33<\/sup> O profondeur de la richesse, de la sagesse et de la science de Dieu! Que ses jugements sont insondables, et ses voies incompr\u00e9hensibles! Car\n<\/p><p class=\"verset\"><sup class=\"bible-verse-ref-versets\">34<\/sup> Qui a connu la pens\u00e9e du Seigneur, Ou qui a \u00e9t\u00e9 son conseiller?\n<\/p><p class=\"verset\"><sup class=\"bible-verse-ref-versets\">35<\/sup> Qui lui a donn\u00e9 le premier, pour qu'il ait \u00e0\u00a0 recevoir en retour?\n<\/p><p class=\"verset\"><sup class=\"bible-verse-ref-versets\">36<\/sup> C'est de lui, par lui, et pour lui que sont toutes choses. A lui la gloire dans tous les si\u00e8cles! Amen!\n<\/p><\/div>\n<p>Lecture de l&rsquo;Evangile : Matthieu 16 : 13-20<\/p>\n<div class=\"bible-verse-container\"> <span>Matthieu 16.13-20<\/span><p class=\"verset\"><sup class=\"bible-verse-ref-versets\">13<\/sup> J\u00e9sus, \u00e9tant arriv\u00e9 dans le territoire de C\u00e9sar\u00e9e de Philippe, demanda \u00e0\u00a0 ses disciples: Qui dit-on que je suis, moi, le Fils de l'homme?\n<\/p><p class=\"verset\"><sup class=\"bible-verse-ref-versets\">14<\/sup> Ils r\u00e9pondirent: Les uns disent que tu es Jean Baptiste; les autres, \u00c9lie; les autres, J\u00e9r\u00e9mie, ou l'un des proph\u00e8tes.\n<\/p><p class=\"verset\"><sup class=\"bible-verse-ref-versets\">15<\/sup> Et vous, leur dit-il, qui dites-vous que je suis?\n<\/p><p class=\"verset\"><sup class=\"bible-verse-ref-versets\">16<\/sup> Simon Pierre r\u00e9pondit: Tu es le Christ, le Fils du Dieu vivant.\n<\/p><p class=\"verset\"><sup class=\"bible-verse-ref-versets\">17<\/sup> J\u00e9sus, reprenant la parole, lui dit: Tu es heureux, Simon, fils de Jonas; car ce ne sont pas la chair et le sang qui t'ont r\u00e9v\u00e9l\u00e9 cela, mais c'est mon P\u00e8re qui est dans les cieux.\n<\/p><p class=\"verset\"><sup class=\"bible-verse-ref-versets\">18<\/sup> Et moi, je te dis que tu es Pierre, et que sur cette pierre je b\u00e2tirai mon \u00c9glise, et que les portes du s\u00e9jour des morts ne pr\u00e9vaudront point contre elle.\n<\/p><p class=\"verset\"><sup class=\"bible-verse-ref-versets\">19<\/sup> Je te donnerai les clefs du royaume des cieux: ce que tu lieras sur la terre sera li\u00e9 dans les cieux, et ce que tu d\u00e9lieras sur la terre sera d\u00e9li\u00e9 dans les cieux.\n<\/p><p class=\"verset\"><sup class=\"bible-verse-ref-versets\">20<\/sup> Alors il recommanda aux disciples de ne dire \u00e0\u00a0 personne qu'il \u00e9tait le Christ.\n<\/p><\/div>\n","protected":false},"excerpt":{"rendered":"<p>Premi\u00e8re lecture : Esa\u00efe 22 : 19-23 Deuxi\u00e8me lecture : Romains 11 : 33-36 Lecture de l&rsquo;Evangile : Matthieu 16 : 13-20<\/p>\n","protected":false},"author":1,"featured_media":0,"comment_status":"closed","ping_status":"open","sticky":false,"template":"","format":"standard","meta":{"inline_featured_image":false,"footnotes":""},"categories":[25],"tags":[],"class_list":["post-2270","post","type-post","status-publish","format-standard","hentry","category-lectures-de-la-bibe"],"_links":{"self":[{"href":"https:\/\/fpma-vincennes.fr\/index.php\/wp-json\/wp\/v2\/posts\/2270","targetHints":{"allow":["GET"]}}],"collection":[{"href":"https:\/\/fpma-vincennes.fr\/index.php\/wp-json\/wp\/v2\/posts"}],"about":[{"href":"https:\/\/fpma-vincennes.fr\/index.php\/wp-json\/wp\/v2\/types\/post"}],"author":[{"embeddable":true,"href":"https:\/\/fpma-vincennes.fr\/index.php\/wp-json\/wp\/v2\/users\/1"}],"replies":[{"embeddable":true,"href":"https:\/\/fpma-vincennes.fr\/index.php\/wp-json\/wp\/v2\/comments?post=2270"}],"version-history":[{"count":1,"href":"https:\/\/fpma-vincennes.fr\/index.php\/wp-json\/wp\/v2\/posts\/2270\/revisions"}],"predecessor-version":[{"id":2271,"href":"https:\/\/fpma-vincennes.fr\/index.php\/wp-json\/wp\/v2\/posts\/2270\/revisions\/2271"}],"wp:attachment":[{"href":"https:\/\/fpma-vincennes.fr\/index.php\/wp-json\/wp\/v2\/media?parent=2270"}],"wp:term":[{"taxonomy":"category","embeddable":true,"href":"https:\/\/fpma-vincennes.fr\/index.php\/wp-json\/wp\/v2\/categories?post=2270"},{"taxonomy":"post_tag","embeddable":true,"href":"https:\/\/fpma-vincennes.fr\/index.php\/wp-json\/wp\/v2\/tags?post=2270"}],"curies":[{"name":"wp","href":"https:\/\/api.w.org\/{rel}","templated":true}]}}