{"id":2288,"date":"2023-06-01T00:01:43","date_gmt":"2023-05-31T22:01:43","guid":{"rendered":"https:\/\/fpma-vincennes.fr\/?p=2288"},"modified":"2023-05-28T21:18:15","modified_gmt":"2023-05-28T19:18:15","slug":"lectures-du-09-juillet-2023","status":"publish","type":"post","link":"https:\/\/fpma-vincennes.fr\/index.php\/2023\/06\/01\/lectures-du-09-juillet-2023\/","title":{"rendered":"Lectures du 09 juillet 2023"},"content":{"rendered":"<p>Premi\u00e8re lecture : Zacharie 9 : 9-10<\/p>\n<div class=\"bible-verse-container\"> <span>Zacharie 9.9-10<\/span><p class=\"verset\"><sup class=\"bible-verse-ref-versets\">9<\/sup> Sois transport\u00e9e d'all\u00e9gresse, fille de Sion! Pousse des cris de joie, fille de J\u00e9rusalem! Voici, ton roi vient \u00e0\u00a0 toi; Il est juste et victorieux, Il est humble et mont\u00e9 sur un \u00e2ne, Sur un \u00e2ne, le petit d'une \u00e2nesse.\n<\/p><p class=\"verset\"><sup class=\"bible-verse-ref-versets\">10<\/sup> Je d\u00e9truirai les chars d'\u00c9phra\u00efm, Et les chevaux de J\u00e9rusalem; Et les arcs de guerre seront an\u00e9antis. Il annoncera la paix aux nations, Et il dominera d'une mer \u00e0\u00a0 l'autre, Depuis le fleuve jusqu'aux extr\u00e9mit\u00e9s de la terre.\n<\/p><\/div>\n<p>Deuxi\u00e8me lecture : Romains 8 : 9-13<\/p>\n<div class=\"bible-verse-container\"> <span>Romains 8.9-13<\/span><p class=\"verset\"><sup class=\"bible-verse-ref-versets\">9<\/sup> Pour vous, vous ne vivez pas selon la chair, mais selon l'esprit, si du moins l'Esprit de Dieu habite en vous. Si quelqu'un n'a pas l'Esprit de Christ, il ne lui appartient pas.\n<\/p><p class=\"verset\"><sup class=\"bible-verse-ref-versets\">10<\/sup> Et si Christ est en vous, le corps, il est vrai, est mort \u00e0\u00a0 cause du p\u00e9ch\u00e9, mais l'esprit est vie \u00e0\u00a0 cause de la justice.\n<\/p><p class=\"verset\"><sup class=\"bible-verse-ref-versets\">11<\/sup> Et si l'Esprit de celui qui a ressuscit\u00e9 J\u00e9sus d'entre les morts habite en vous, celui qui a ressuscit\u00e9 Christ d'entre les morts rendra aussi la vie \u00e0\u00a0 vos corps mortels par son Esprit qui habite en vous.\n<\/p><p class=\"verset\"><sup class=\"bible-verse-ref-versets\">12<\/sup> Ainsi donc, fr\u00e8res, nous ne sommes point redevables \u00e0\u00a0 la chair, pour vivre selon la chair.\n<\/p><p class=\"verset\"><sup class=\"bible-verse-ref-versets\">13<\/sup> Si vous vivez selon la chair, vous mourrez; mais si par l'Esprit vous faites mourir les actions du corps, vous vivrez,\n<\/p><\/div>\n<p>Lecture de l&rsquo;Evangile : Matthieu 11 : 25-30<\/p>\n<div class=\"bible-verse-container\"> <span>Matthieu 11.25-30<\/span><p class=\"verset\"><sup class=\"bible-verse-ref-versets\">25<\/sup> En ce temps-l\u00e0\u00a0, J\u00e9sus prit la parole, et dit: Je te loue, P\u00e8re, Seigneur du ciel et de la terre, de ce que tu as cach\u00e9 ces choses aux sages et aux intelligents, et de ce que tu les as r\u00e9v\u00e9l\u00e9es aux enfants.\n<\/p><p class=\"verset\"><sup class=\"bible-verse-ref-versets\">26<\/sup> Oui, P\u00e8re, je te loue de ce que tu l'as voulu ainsi.\n<\/p><p class=\"verset\"><sup class=\"bible-verse-ref-versets\">27<\/sup> Toutes choses m'ont \u00e9t\u00e9 donn\u00e9es par mon P\u00e8re, et personne ne conna\u00eet le Fils, si ce n'est le P\u00e8re; personne non plus ne conna\u00eet le P\u00e8re, si ce n'est le Fils et celui \u00e0\u00a0 qui le Fils veut le r\u00e9v\u00e9ler.\n<\/p><p class=\"verset\"><sup class=\"bible-verse-ref-versets\">28<\/sup> Venez \u00e0\u00a0 moi, vous tous qui \u00eates fatigu\u00e9s et charg\u00e9s, et je vous donnerai du repos.\n<\/p><p class=\"verset\"><sup class=\"bible-verse-ref-versets\">29<\/sup> Prenez mon joug sur vous et recevez mes instructions, car je suis doux et humble de coeur; et vous trouverez du repos pour vos \u00e2mes.\n<\/p><p class=\"verset\"><sup class=\"bible-verse-ref-versets\">30<\/sup> Car mon joug est doux, et mon fardeau l\u00e9ger.\n<\/p><\/div>\n","protected":false},"excerpt":{"rendered":"<p>Premi\u00e8re lecture : Zacharie 9 : 9-10 Deuxi\u00e8me lecture : Romains 8 : 9-13 Lecture de l&rsquo;Evangile : Matthieu 11 : 25-30<\/p>\n","protected":false},"author":1,"featured_media":0,"comment_status":"closed","ping_status":"open","sticky":false,"template":"","format":"standard","meta":{"inline_featured_image":false,"footnotes":""},"categories":[25],"tags":[],"class_list":["post-2288","post","type-post","status-publish","format-standard","hentry","category-lectures-de-la-bibe"],"_links":{"self":[{"href":"https:\/\/fpma-vincennes.fr\/index.php\/wp-json\/wp\/v2\/posts\/2288","targetHints":{"allow":["GET"]}}],"collection":[{"href":"https:\/\/fpma-vincennes.fr\/index.php\/wp-json\/wp\/v2\/posts"}],"about":[{"href":"https:\/\/fpma-vincennes.fr\/index.php\/wp-json\/wp\/v2\/types\/post"}],"author":[{"embeddable":true,"href":"https:\/\/fpma-vincennes.fr\/index.php\/wp-json\/wp\/v2\/users\/1"}],"replies":[{"embeddable":true,"href":"https:\/\/fpma-vincennes.fr\/index.php\/wp-json\/wp\/v2\/comments?post=2288"}],"version-history":[{"count":1,"href":"https:\/\/fpma-vincennes.fr\/index.php\/wp-json\/wp\/v2\/posts\/2288\/revisions"}],"predecessor-version":[{"id":2289,"href":"https:\/\/fpma-vincennes.fr\/index.php\/wp-json\/wp\/v2\/posts\/2288\/revisions\/2289"}],"wp:attachment":[{"href":"https:\/\/fpma-vincennes.fr\/index.php\/wp-json\/wp\/v2\/media?parent=2288"}],"wp:term":[{"taxonomy":"category","embeddable":true,"href":"https:\/\/fpma-vincennes.fr\/index.php\/wp-json\/wp\/v2\/categories?post=2288"},{"taxonomy":"post_tag","embeddable":true,"href":"https:\/\/fpma-vincennes.fr\/index.php\/wp-json\/wp\/v2\/tags?post=2288"}],"curies":[{"name":"wp","href":"https:\/\/api.w.org\/{rel}","templated":true}]}}