{"id":2484,"date":"2023-11-02T21:49:25","date_gmt":"2023-11-02T20:49:25","guid":{"rendered":"https:\/\/fpma-vincennes.fr\/?p=2484"},"modified":"2023-11-02T21:49:40","modified_gmt":"2023-11-02T20:49:40","slug":"lectures-du-25-decembre-2023","status":"publish","type":"post","link":"https:\/\/fpma-vincennes.fr\/index.php\/2023\/11\/02\/lectures-du-25-decembre-2023\/","title":{"rendered":"Lectures du 25 d\u00e9cembre 2023"},"content":{"rendered":"<p>Premi\u00e8re lecture : Esa\u00efe 52 : 7-10<\/p>\n<div class=\"bible-verse-container\"> <span>Esa\u00efe 52.7-10<\/span><p class=\"verset\"><sup class=\"bible-verse-ref-versets\">7<\/sup> Qu'ils sont beaux sur les montagnes, Les pieds de celui qui apporte de bonnes nouvelles, Qui publie la paix! De celui qui apporte de bonnes nouvelles, Qui publie le salut! De celui qui dit \u00e0\u00a0 Sion: ton Dieu r\u00e8gne!\n<\/p><p class=\"verset\"><sup class=\"bible-verse-ref-versets\">8<\/sup> La voix de tes sentinelles retentit; Elles \u00e9l\u00e8vent la voix, Elles poussent ensemble des cris d'all\u00e9gresse; Car de leurs propres yeux elles voient Que l'\u00c9ternel ram\u00e8ne Sion.\n<\/p><p class=\"verset\"><sup class=\"bible-verse-ref-versets\">9<\/sup> \u00c9clatez ensemble en cris de joie, Ruines de J\u00e9rusalem! Car l'\u00c9ternel console son peuple, Il rach\u00e8te J\u00e9rusalem.\n<\/p><p class=\"verset\"><sup class=\"bible-verse-ref-versets\">10<\/sup> L'\u00c9ternel d\u00e9couvre le bras de sa saintet\u00e9, Aux yeux de toutes les nations; Et toutes les extr\u00e9mit\u00e9s de la terre verront Le salut de notre Dieu.\n<\/p><\/div>\n<p>Deuxi\u00e8me lecture : Heb 1 : 1-6<\/p>\n<div class=\"bible-verse-container\"> <span>Hebreux 1.1-6<\/span><p class=\"verset\"><sup class=\"bible-verse-ref-versets\">1<\/sup> Apr\u00e8s avoir autrefois, \u00e0\u00a0 plusieurs reprises et de plusieurs mani\u00e8res, parl\u00e9 \u00e0\u00a0 nos p\u00e8res par les proph\u00e8tes,\n<\/p><p class=\"verset\"><sup class=\"bible-verse-ref-versets\">2<\/sup> Dieu, dans ces derniers temps, nous a parl\u00e9 par le Fils, qu'il a \u00e9tabli h\u00e9ritier de toutes choses, par lequel il a aussi cr\u00e9\u00e9 le monde,\n<\/p><p class=\"verset\"><sup class=\"bible-verse-ref-versets\">3<\/sup> et qui, \u00e9tant le reflet de sa gloire et l'empreinte de sa personne, et soutenant toutes choses par sa parole puissante, a fait la purification des p\u00e9ch\u00e9s et s'est assis \u00e0\u00a0 la droite de la majest\u00e9 divine dans les lieux tr\u00e8s hauts,\n<\/p><p class=\"verset\"><sup class=\"bible-verse-ref-versets\">4<\/sup> devenu d'autant sup\u00e9rieur aux anges qu'il a h\u00e9rit\u00e9 d'un nom plus excellent que le leur.\n<\/p><p class=\"verset\"><sup class=\"bible-verse-ref-versets\">5<\/sup> Car auquel des anges Dieu a-t-il jamais dit: Tu es mon Fils, Je t'ai engendr\u00e9 aujourd'hui? Et encore: Je serai pour lui un p\u00e8re, et il sera pour moi un fils?\n<\/p><p class=\"verset\"><sup class=\"bible-verse-ref-versets\">6<\/sup> Et lorsqu'il introduit de nouveau dans le monde le premier-n\u00e9, il dit: Que tous les anges de Dieu l'adorent!\n<\/p><\/div>\n<p>Lecture de l&rsquo;Evangile : Jean 1 : 1-18<\/p>\n<div class=\"bible-verse-container\"> <span>Jean 1.1-18<\/span><p class=\"verset\"><sup class=\"bible-verse-ref-versets\">1<\/sup> Au commencement \u00e9tait la Parole, et la Parole \u00e9tait avec Dieu, et la Parole \u00e9tait Dieu.\n<\/p><p class=\"verset\"><sup class=\"bible-verse-ref-versets\">2<\/sup> Elle \u00e9tait au commencement avec Dieu.\n<\/p><p class=\"verset\"><sup class=\"bible-verse-ref-versets\">3<\/sup> Toutes choses ont \u00e9t\u00e9 faites par elle, et rien de ce qui a \u00e9t\u00e9 fait n'a \u00e9t\u00e9 fait sans elle.\n<\/p><p class=\"verset\"><sup class=\"bible-verse-ref-versets\">4<\/sup> En elle \u00e9tait la vie, et la vie \u00e9tait la lumi\u00e8re des hommes.\n<\/p><p class=\"verset\"><sup class=\"bible-verse-ref-versets\">5<\/sup> La lumi\u00e8re luit dans les t\u00e9n\u00e8bres, et les t\u00e9n\u00e8bres ne l'ont point re\u00e0\u00a7ue.\n<\/p><p class=\"verset\"><sup class=\"bible-verse-ref-versets\">6<\/sup> Il y eut un homme envoy\u00e9 de Dieu: son nom \u00e9tait Jean.\n<\/p><p class=\"verset\"><sup class=\"bible-verse-ref-versets\">7<\/sup> Il vint pour servir de t\u00e9moin, pour rendre t\u00e9moignage \u00e0\u00a0 la lumi\u00e8re, afin que tous crussent par lui.\n<\/p><p class=\"verset\"><sup class=\"bible-verse-ref-versets\">8<\/sup> Il n'\u00e9tait pas la lumi\u00e8re, mais il parut pour rendre t\u00e9moignage \u00e0\u00a0 la lumi\u00e8re.\n<\/p><p class=\"verset\"><sup class=\"bible-verse-ref-versets\">9<\/sup> Cette lumi\u00e8re \u00e9tait la v\u00e9ritable lumi\u00e8re, qui, en venant dans le monde, \u00e9claire tout homme.\n<\/p><p class=\"verset\"><sup class=\"bible-verse-ref-versets\">10<\/sup> Elle \u00e9tait dans le monde, et le monde a \u00e9t\u00e9 fait par elle, et le monde ne l'a point connue.\n<\/p><p class=\"verset\"><sup class=\"bible-verse-ref-versets\">11<\/sup> Elle est venue chez les siens, et les siens ne l'ont point re\u00e0\u00a7ue.\n<\/p><p class=\"verset\"><sup class=\"bible-verse-ref-versets\">12<\/sup> Mais \u00e0\u00a0 tous ceux qui l'ont re\u00e0\u00a7ue, \u00e0\u00a0 ceux qui croient en son nom, elle a donn\u00e9 le pouvoir de devenir enfants de Dieu, lesquels sont n\u00e9s,\n<\/p><p class=\"verset\"><sup class=\"bible-verse-ref-versets\">13<\/sup> non du sang, ni de la volont\u00e9 de la chair, ni de la volont\u00e9 de l'homme, mais de Dieu.\n<\/p><p class=\"verset\"><sup class=\"bible-verse-ref-versets\">14<\/sup> Et la parole a \u00e9t\u00e9 faite chair, et elle a habit\u00e9 parmi nous, pleine de gr\u00e2ce et de v\u00e9rit\u00e9; et nous avons contempl\u00e9 sa gloire, une gloire comme la gloire du Fils unique venu du P\u00e8re.\n<\/p><p class=\"verset\"><sup class=\"bible-verse-ref-versets\">15<\/sup> Jean lui a rendu t\u00e9moignage, et s'est \u00e9cri\u00e9: C'est celui dont j'ai dit: Celui qui vient apr\u00e8s moi m'a pr\u00e9c\u00e9d\u00e9, car il \u00e9tait avant moi.\n<\/p><p class=\"verset\"><sup class=\"bible-verse-ref-versets\">16<\/sup> Et nous avons tous re\u00e0\u00a7u de sa pl\u00e9nitude, et gr\u00e2ce pour gr\u00e2ce;\n<\/p><p class=\"verset\"><sup class=\"bible-verse-ref-versets\">17<\/sup> car la loi a \u00e9t\u00e9 donn\u00e9e par Mo\u00efse, la gr\u00e2ce et la v\u00e9rit\u00e9 sont venues par J\u00e9sus Christ.\n<\/p><p class=\"verset\"><sup class=\"bible-verse-ref-versets\">18<\/sup> Personne n'a jamais vu Dieu; le Fils unique, qui est dans le sein du P\u00e8re, est celui qui l'a fait conna\u00eetre.\n<\/p><\/div>\n","protected":false},"excerpt":{"rendered":"<p>Premi\u00e8re lecture : Esa\u00efe 52 : 7-10 Deuxi\u00e8me lecture : Heb 1 : 1-6 Lecture de l&rsquo;Evangile : Jean 1 : 1-18<\/p>\n","protected":false},"author":1,"featured_media":0,"comment_status":"closed","ping_status":"open","sticky":false,"template":"","format":"standard","meta":{"inline_featured_image":false,"footnotes":""},"categories":[25],"tags":[],"class_list":["post-2484","post","type-post","status-publish","format-standard","hentry","category-lectures-de-la-bibe"],"_links":{"self":[{"href":"https:\/\/fpma-vincennes.fr\/index.php\/wp-json\/wp\/v2\/posts\/2484","targetHints":{"allow":["GET"]}}],"collection":[{"href":"https:\/\/fpma-vincennes.fr\/index.php\/wp-json\/wp\/v2\/posts"}],"about":[{"href":"https:\/\/fpma-vincennes.fr\/index.php\/wp-json\/wp\/v2\/types\/post"}],"author":[{"embeddable":true,"href":"https:\/\/fpma-vincennes.fr\/index.php\/wp-json\/wp\/v2\/users\/1"}],"replies":[{"embeddable":true,"href":"https:\/\/fpma-vincennes.fr\/index.php\/wp-json\/wp\/v2\/comments?post=2484"}],"version-history":[{"count":1,"href":"https:\/\/fpma-vincennes.fr\/index.php\/wp-json\/wp\/v2\/posts\/2484\/revisions"}],"predecessor-version":[{"id":2485,"href":"https:\/\/fpma-vincennes.fr\/index.php\/wp-json\/wp\/v2\/posts\/2484\/revisions\/2485"}],"wp:attachment":[{"href":"https:\/\/fpma-vincennes.fr\/index.php\/wp-json\/wp\/v2\/media?parent=2484"}],"wp:term":[{"taxonomy":"category","embeddable":true,"href":"https:\/\/fpma-vincennes.fr\/index.php\/wp-json\/wp\/v2\/categories?post=2484"},{"taxonomy":"post_tag","embeddable":true,"href":"https:\/\/fpma-vincennes.fr\/index.php\/wp-json\/wp\/v2\/tags?post=2484"}],"curies":[{"name":"wp","href":"https:\/\/api.w.org\/{rel}","templated":true}]}}