{"id":2706,"date":"2024-05-01T06:00:54","date_gmt":"2024-05-01T04:00:54","guid":{"rendered":"https:\/\/fpma-vincennes.fr\/?p=2706"},"modified":"2024-03-26T18:43:33","modified_gmt":"2024-03-26T17:43:33","slug":"lectures-du-23-juin-2024","status":"publish","type":"post","link":"https:\/\/fpma-vincennes.fr\/index.php\/2024\/05\/01\/lectures-du-23-juin-2024\/","title":{"rendered":"Lectures du 23 juin 2024"},"content":{"rendered":"<p>Premi\u00e8re lecture : Esa\u00efe 49 : 1-6<\/p>\n<div class=\"bible-verse-container\"> <span>Esa\u00efe 49.1-6<\/span><p class=\"verset\"><sup class=\"bible-verse-ref-versets\">1<\/sup> Iles, \u00e9coutez-moi! Peuples lointains, soyez attentifs! L'\u00c9ternel m'a appel\u00e9 d\u00e8s ma naissance, Il m'a nomm\u00e9 d\u00e8s ma sortie des entrailles maternelles.\n<\/p><p class=\"verset\"><sup class=\"bible-verse-ref-versets\">2<\/sup> Il a rendu ma bouche semblable \u00e0\u00a0 un glaive tranchant, Il m'a couvert de l'ombre de sa main; Il a fait de moi une fl\u00e8che aigu\u00eb, Il m'a cach\u00e9 dans son carquois.\n<\/p><p class=\"verset\"><sup class=\"bible-verse-ref-versets\">3<\/sup> Et il m'a dit: Tu es mon serviteur, Isra\u00ebl en qui je me glorifierai.\n<\/p><p class=\"verset\"><sup class=\"bible-verse-ref-versets\">4<\/sup> Et moi j'ai dit: C'est en vain que j'ai travaill\u00e9, C'est pour le vide et le n\u00e9ant que j'ai consum\u00e9 ma force; Mais mon droit est aupr\u00e8s de l'\u00c9ternel, Et ma r\u00e9compense aupr\u00e8s de mon Dieu.\n<\/p><p class=\"verset\"><sup class=\"bible-verse-ref-versets\">5<\/sup> Maintenant, l'\u00c9ternel parle, Lui qui m'a form\u00e9 d\u00e8s ma naissance Pour \u00eatre son serviteur, Pour ramener \u00e0\u00a0 lui Jacob, Et Isra\u00ebl encore dispers\u00e9; Car je suis honor\u00e9 aux yeux de l'\u00c9ternel, Et mon Dieu est ma force.\n<\/p><p class=\"verset\"><sup class=\"bible-verse-ref-versets\">6<\/sup> Il dit: C'est peu que tu sois mon serviteur Pour relever les tribus de Jacob Et pour ramener les restes d'Isra\u00ebl: Je t'\u00e9tablis pour \u00eatre la lumi\u00e8re des nations, Pour porter mon salut jusqu'aux extr\u00e9mit\u00e9s de la terre.\n<\/p><\/div>\n<p>Deuxi\u00e8me lecture : Actes 13 : 22-26<\/p>\n<div class=\"bible-verse-container\"> <span>Actes 13.22-26<\/span><p class=\"verset\"><sup class=\"bible-verse-ref-versets\">22<\/sup> puis, l'ayant rejet\u00e9, il leur suscita pour roi David, auquel il a rendu ce t\u00e9moignage: J'ai trouv\u00e9 David, fils d'Isa\u00ef, homme selon mon coeur, qui accomplira toutes mes volont\u00e9s.\n<\/p><p class=\"verset\"><sup class=\"bible-verse-ref-versets\">23<\/sup> C'est de la post\u00e9rit\u00e9 de David que Dieu, selon sa promesse, a suscit\u00e9 \u00e0\u00a0 Isra\u00ebl un Sauveur, qui est J\u00e9sus.\n<\/p><p class=\"verset\"><sup class=\"bible-verse-ref-versets\">24<\/sup> Avant sa venue, Jean avait pr\u00each\u00e9 le bapt\u00eame de repentance \u00e0\u00a0 tout le peuple d'Isra\u00ebl.\n<\/p><p class=\"verset\"><sup class=\"bible-verse-ref-versets\">25<\/sup> Et lorsque Jean achevait sa course, il disait: Je ne suis pas celui que vous pensez; mais voici, apr\u00e8s moi vient celui des pieds duquel je ne suis pas digne de d\u00e9lier les souliers.\n<\/p><p class=\"verset\"><sup class=\"bible-verse-ref-versets\">26<\/sup> Hommes fr\u00e8res, fils de la race d'Abraham, et vous qui craignez Dieu, c'est \u00e0\u00a0 vous que cette parole de salut a \u00e9t\u00e9 envoy\u00e9e.\n<\/p><\/div>\n<p>Lecture de l&rsquo;Evangile : Luc 1 : 57-80<\/p>\n<div class=\"bible-verse-container\"> <span>Luc 1.57-80<\/span><p class=\"verset\"><sup class=\"bible-verse-ref-versets\">57<\/sup> Le temps o\u00f9 \u00c9lisabeth devait accoucher arriva, et elle enfanta un fils.\n<\/p><p class=\"verset\"><sup class=\"bible-verse-ref-versets\">58<\/sup> Ses voisins et ses parents apprirent que le Seigneur avait fait \u00e9clater envers elle sa mis\u00e9ricorde, et ils se r\u00e9jouirent avec elle.\n<\/p><p class=\"verset\"><sup class=\"bible-verse-ref-versets\">59<\/sup> Le huiti\u00e8me jour, ils vinrent pour circoncire l'enfant, et ils l'appelaient Zacharie, du nom de son p\u00e8re.\n<\/p><p class=\"verset\"><sup class=\"bible-verse-ref-versets\">60<\/sup> Mais sa m\u00e8re prit la parole, et dit: Non, il sera appel\u00e9 Jean.\n<\/p><p class=\"verset\"><sup class=\"bible-verse-ref-versets\">61<\/sup> Ils lui dirent: Il n'y a dans ta parent\u00e9 personne qui soit appel\u00e9 de ce nom.\n<\/p><p class=\"verset\"><sup class=\"bible-verse-ref-versets\">62<\/sup> Et ils firent des signes \u00e0\u00a0 son p\u00e8re pour savoir comment il voulait qu'on l'appelle.\n<\/p><p class=\"verset\"><sup class=\"bible-verse-ref-versets\">63<\/sup> Zacharie demanda des tablettes, et il \u00e9crivit: Jean est son nom. Et tous furent dans l'\u00e9tonnement.\n<\/p><p class=\"verset\"><sup class=\"bible-verse-ref-versets\">64<\/sup> Au m\u00eame instant, sa bouche s'ouvrit, sa langue se d\u00e9lia, et il parlait, b\u00e9nissant Dieu.\n<\/p><p class=\"verset\"><sup class=\"bible-verse-ref-versets\">65<\/sup> La crainte s'empara de tous les habitants d'alentour, et, dans toutes les montagnes de la Jud\u00e9e, on s'entretenait de toutes ces choses.\n<\/p><p class=\"verset\"><sup class=\"bible-verse-ref-versets\">66<\/sup> Tous ceux qui les apprirent les gard\u00e8rent dans leur coeur, en disant: Que sera donc cet enfant? Et la main du Seigneur \u00e9tait avec lui.\n<\/p><p class=\"verset\"><sup class=\"bible-verse-ref-versets\">67<\/sup> Zacharie, son p\u00e8re, fut rempli du Saint Esprit, et il proph\u00e9tisa, en ces mots:\n<\/p><p class=\"verset\"><sup class=\"bible-verse-ref-versets\">68<\/sup> B\u00e9ni soit le Seigneur, le Dieu d'Isra\u00ebl, De ce qu'il a visit\u00e9 et rachet\u00e9 son peuple,\n<\/p><p class=\"verset\"><sup class=\"bible-verse-ref-versets\">69<\/sup> Et nous a suscit\u00e9 un puissant Sauveur Dans la maison de David, son serviteur,\n<\/p><p class=\"verset\"><sup class=\"bible-verse-ref-versets\">70<\/sup> Comme il l'avait annonc\u00e9 par la bouche de ses saints proph\u00e8tes des temps anciens, -\n<\/p><p class=\"verset\"><sup class=\"bible-verse-ref-versets\">71<\/sup> Un Sauveur qui nous d\u00e9livre de nos ennemis et de la main de tous ceux qui nous ha\u00efssent!\n<\/p><p class=\"verset\"><sup class=\"bible-verse-ref-versets\">72<\/sup> C'est ainsi qu'il manifeste sa mis\u00e9ricorde envers nos p\u00e8res, Et se souvient de sa sainte alliance,\n<\/p><p class=\"verset\"><sup class=\"bible-verse-ref-versets\">73<\/sup> Selon le serment par lequel il avait jur\u00e9 \u00e0\u00a0 Abraham, notre p\u00e8re,\n<\/p><p class=\"verset\"><sup class=\"bible-verse-ref-versets\">74<\/sup> De nous permettre, apr\u00e8s que nous serions d\u00e9livr\u00e9s de la main de nos ennemis, De le servir sans crainte,\n<\/p><p class=\"verset\"><sup class=\"bible-verse-ref-versets\">75<\/sup> En Marchant devant lui dans la saintet\u00e9 et dans la justice tous les jours de notre vie.\n<\/p><p class=\"verset\"><sup class=\"bible-verse-ref-versets\">76<\/sup> Et toi, petit enfant, tu seras appel\u00e9 proph\u00e8te du Tr\u00e8s Haut; Car tu Marcheras devant la face du Seigneur, pour pr\u00e9parer ses voies,\n<\/p><p class=\"verset\"><sup class=\"bible-verse-ref-versets\">77<\/sup> Afin de donner \u00e0\u00a0 son peuple la connaissance du salut Par le pardon de ses p\u00e9ch\u00e9s,\n<\/p><p class=\"verset\"><sup class=\"bible-verse-ref-versets\">78<\/sup> Gr\u00e2ce aux entrailles de la mis\u00e9ricorde de notre Dieu, En vertu de laquelle le soleil levant nous a visit\u00e9s d'en haut,\n<\/p><p class=\"verset\"><sup class=\"bible-verse-ref-versets\">79<\/sup> Pour \u00e9clairer ceux qui sont assis dans les t\u00e9n\u00e8bres et dans l'ombre de la mort, Pour diriger nos pas dans le chemin de la paix.\n<\/p><p class=\"verset\"><sup class=\"bible-verse-ref-versets\">80<\/sup> Or, l'enfant croissait, et se fortifiait en esprit. Et il demeura dans les d\u00e9serts, jusqu'au jour o\u00f9 il se pr\u00e9senta devant Isra\u00ebl.\n<\/p><\/div>\n","protected":false},"excerpt":{"rendered":"<p>Premi\u00e8re lecture : Esa\u00efe 49 : 1-6 Deuxi\u00e8me lecture : Actes 13 : 22-26 Lecture de l&rsquo;Evangile : Luc 1 : 57-80<\/p>\n","protected":false},"author":1,"featured_media":0,"comment_status":"closed","ping_status":"open","sticky":false,"template":"","format":"standard","meta":{"inline_featured_image":false,"footnotes":""},"categories":[25],"tags":[],"class_list":["post-2706","post","type-post","status-publish","format-standard","hentry","category-lectures-de-la-bibe"],"_links":{"self":[{"href":"https:\/\/fpma-vincennes.fr\/index.php\/wp-json\/wp\/v2\/posts\/2706","targetHints":{"allow":["GET"]}}],"collection":[{"href":"https:\/\/fpma-vincennes.fr\/index.php\/wp-json\/wp\/v2\/posts"}],"about":[{"href":"https:\/\/fpma-vincennes.fr\/index.php\/wp-json\/wp\/v2\/types\/post"}],"author":[{"embeddable":true,"href":"https:\/\/fpma-vincennes.fr\/index.php\/wp-json\/wp\/v2\/users\/1"}],"replies":[{"embeddable":true,"href":"https:\/\/fpma-vincennes.fr\/index.php\/wp-json\/wp\/v2\/comments?post=2706"}],"version-history":[{"count":1,"href":"https:\/\/fpma-vincennes.fr\/index.php\/wp-json\/wp\/v2\/posts\/2706\/revisions"}],"predecessor-version":[{"id":2707,"href":"https:\/\/fpma-vincennes.fr\/index.php\/wp-json\/wp\/v2\/posts\/2706\/revisions\/2707"}],"wp:attachment":[{"href":"https:\/\/fpma-vincennes.fr\/index.php\/wp-json\/wp\/v2\/media?parent=2706"}],"wp:term":[{"taxonomy":"category","embeddable":true,"href":"https:\/\/fpma-vincennes.fr\/index.php\/wp-json\/wp\/v2\/categories?post=2706"},{"taxonomy":"post_tag","embeddable":true,"href":"https:\/\/fpma-vincennes.fr\/index.php\/wp-json\/wp\/v2\/tags?post=2706"}],"curies":[{"name":"wp","href":"https:\/\/api.w.org\/{rel}","templated":true}]}}