{"id":2722,"date":"2024-04-01T06:00:17","date_gmt":"2024-04-01T04:00:17","guid":{"rendered":"https:\/\/fpma-vincennes.fr\/?p=2722"},"modified":"2024-03-26T18:44:49","modified_gmt":"2024-03-26T17:44:49","slug":"lectures-du-12-mai-2024","status":"publish","type":"post","link":"https:\/\/fpma-vincennes.fr\/index.php\/2024\/04\/01\/lectures-du-12-mai-2024\/","title":{"rendered":"Lectures du 12 mai 2024"},"content":{"rendered":"<p>Premi\u00e8re lecture : Actes 1 : 15-26<\/p>\n<div class=\"bible-verse-container\"> <span>Actes 1.15-26<\/span><p class=\"verset\"><sup class=\"bible-verse-ref-versets\">15<\/sup> En ces jours-l\u00e0\u00a0, Pierre se leva au milieu des fr\u00e8res, le nombre des personnes r\u00e9unies \u00e9tant d'environ cent vingt. Et il dit:\n<\/p><p class=\"verset\"><sup class=\"bible-verse-ref-versets\">16<\/sup> Hommes fr\u00e8res, il fallait que s'accompl\u00eet ce que le Saint Esprit, dans l'\u00c9criture, a annonc\u00e9 d'avance, par la bouche de David, au sujet de Judas, qui a \u00e9t\u00e9 le guide de ceux qui ont saisi J\u00e9sus.\n<\/p><p class=\"verset\"><sup class=\"bible-verse-ref-versets\">17<\/sup> Il \u00e9tait compt\u00e9 parmi nous, et il avait part au m\u00eame minist\u00e8re.\n<\/p><p class=\"verset\"><sup class=\"bible-verse-ref-versets\">18<\/sup> Cet homme, ayant acquis un champ avec le salaire du crime, est tomb\u00e9, s'est rompu par le milieu du corps, et toutes ses entrailles se sont r\u00e9pandues.\n<\/p><p class=\"verset\"><sup class=\"bible-verse-ref-versets\">19<\/sup> La chose a \u00e9t\u00e9 si connue de tous les habitants de J\u00e9rusalem que ce champ a \u00e9t\u00e9 appel\u00e9 dans leur langue Hakeldama, c'est-\u00e0\u00a0-dire, champ du sang.\n<\/p><p class=\"verset\"><sup class=\"bible-verse-ref-versets\">20<\/sup> Or, il est \u00e9crit dans le livre des Psaumes: Que sa demeure devienne d\u00e9serte, Et que personne ne l'habite! Et: Qu'un autre prenne sa charge!\n<\/p><p class=\"verset\"><sup class=\"bible-verse-ref-versets\">21<\/sup> Il faut donc que, parmi ceux qui nous ont accompagn\u00e9s tout le temps que le Seigneur J\u00e9sus a v\u00e9cu avec nous,\n<\/p><p class=\"verset\"><sup class=\"bible-verse-ref-versets\">22<\/sup> depuis le bapt\u00eame de Jean jusqu'au jour o\u00f9 il a \u00e9t\u00e9 enlev\u00e9 du milieu de nous, il y en ait un qui nous soit associ\u00e9 comme t\u00e9moin de sa r\u00e9surrection.\n<\/p><p class=\"verset\"><sup class=\"bible-verse-ref-versets\">23<\/sup> Ils en pr\u00e9sent\u00e8rent deux: Joseph appel\u00e9 Barsabbas, surnomm\u00e9 Justus, et Matthias.\n<\/p><p class=\"verset\"><sup class=\"bible-verse-ref-versets\">24<\/sup> Puis ils firent cette pri\u00e8re: Seigneur, toi qui connais les coeurs de tous, d\u00e9signe lequel de ces deux tu as choisi,\n<\/p><p class=\"verset\"><sup class=\"bible-verse-ref-versets\">25<\/sup> afin qu'il ait part \u00e0\u00a0 ce minist\u00e8re et \u00e0\u00a0 cet apostolat, que Judas a abandonn\u00e9 pour aller en son lieu.\n<\/p><p class=\"verset\"><sup class=\"bible-verse-ref-versets\">26<\/sup> Ils tir\u00e8rent au sort, et le sort tomba sur Matthias, qui fut associ\u00e9 aux onze ap\u00f4tres.\n<\/p><\/div>\n<p>Deuxi\u00e8me lecture : 1 Jean 4 : 11-16<\/p>\n<div class=\"bible-verse-container\"> <span>1 Jean 4.11-16<\/span><p class=\"verset\"><sup class=\"bible-verse-ref-versets\">11<\/sup> Bien-aim\u00e9s, si Dieu nous a ainsi aim\u00e9s, nous devons aussi nous aimer les uns les autres.\n<\/p><p class=\"verset\"><sup class=\"bible-verse-ref-versets\">12<\/sup> Personne n'a jamais vu Dieu; si nous nous aimons les uns les autres, Dieu demeure en nous, et son amour est parfait en nous.\n<\/p><p class=\"verset\"><sup class=\"bible-verse-ref-versets\">13<\/sup> Nous connaissons que nous demeurons en lui, et qu'il demeure en nous, en ce qu'il nous a donn\u00e9 de son Esprit.\n<\/p><p class=\"verset\"><sup class=\"bible-verse-ref-versets\">14<\/sup> Et nous, nous avons vu et nous attestons que le P\u00e8re a envoy\u00e9 le Fils comme Sauveur du monde.\n<\/p><p class=\"verset\"><sup class=\"bible-verse-ref-versets\">15<\/sup> Celui qui confessera que J\u00e9sus est le Fils de Dieu, Dieu demeure en lui, et lui en Dieu.\n<\/p><p class=\"verset\"><sup class=\"bible-verse-ref-versets\">16<\/sup> Et nous, nous avons connu l'amour que Dieu a pour nous, et nous y avons cru. Dieu est amour; et celui qui demeure dans l'amour demeure en Dieu, et Dieu demeure en lui.\n<\/p><\/div>\n<p>Lecture de l&rsquo;Evangile : Jean 17 : 11-19<\/p>\n<div class=\"bible-verse-container\"> <span>Jean 17.11-19<\/span><p class=\"verset\"><sup class=\"bible-verse-ref-versets\">11<\/sup> Je ne suis plus dans le monde, et ils sont dans le monde, et je vais \u00e0\u00a0 toi. P\u00e8re saint, garde en ton nom ceux que tu m'as donn\u00e9s, afin qu'ils soient un comme nous.\n<\/p><p class=\"verset\"><sup class=\"bible-verse-ref-versets\">12<\/sup> Lorsque j'\u00e9tais avec eux dans le monde, je les gardais en ton nom. J'ai gard\u00e9 ceux que tu m'as donn\u00e9s, et aucun d'eux ne s'est perdu, sinon le fils de perdition, afin que l'\u00c9criture f\u00e0\u00bbt accomplie.\n<\/p><p class=\"verset\"><sup class=\"bible-verse-ref-versets\">13<\/sup> Et maintenant je vais \u00e0\u00a0 toi, et je dis ces choses dans le monde, afin qu'ils aient en eux ma joie parfaite.\n<\/p><p class=\"verset\"><sup class=\"bible-verse-ref-versets\">14<\/sup> Je leur ai donn\u00e9 ta parole; et le monde les a ha\u00efs, parce qu'ils ne sont pas du monde, comme moi je ne suis pas du monde.\n<\/p><p class=\"verset\"><sup class=\"bible-verse-ref-versets\">15<\/sup> Je ne te prie pas de les \u00f4ter du monde, mais de les pr\u00e9server du mal.\n<\/p><p class=\"verset\"><sup class=\"bible-verse-ref-versets\">16<\/sup> Ils ne sont pas du monde, comme moi je ne suis pas du monde.\n<\/p><p class=\"verset\"><sup class=\"bible-verse-ref-versets\">17<\/sup> Sanctifie-les par ta v\u00e9rit\u00e9: ta parole est la v\u00e9rit\u00e9.\n<\/p><p class=\"verset\"><sup class=\"bible-verse-ref-versets\">18<\/sup> Comme tu m'as envoy\u00e9 dans le monde, je les ai aussi envoy\u00e9s dans le monde.\n<\/p><p class=\"verset\"><sup class=\"bible-verse-ref-versets\">19<\/sup> Et je me sanctifie moi-m\u00eame pour eux, afin qu'eux aussi soient sanctifi\u00e9s par la v\u00e9rit\u00e9.\n<\/p><\/div>\n","protected":false},"excerpt":{"rendered":"<p>Premi\u00e8re lecture : Actes 1 : 15-26 Deuxi\u00e8me lecture : 1 Jean 4 : 11-16 Lecture de l&rsquo;Evangile : Jean 17 : 11-19<\/p>\n","protected":false},"author":1,"featured_media":0,"comment_status":"closed","ping_status":"open","sticky":false,"template":"","format":"standard","meta":{"inline_featured_image":false,"footnotes":""},"categories":[25],"tags":[],"class_list":["post-2722","post","type-post","status-publish","format-standard","hentry","category-lectures-de-la-bibe"],"_links":{"self":[{"href":"https:\/\/fpma-vincennes.fr\/index.php\/wp-json\/wp\/v2\/posts\/2722","targetHints":{"allow":["GET"]}}],"collection":[{"href":"https:\/\/fpma-vincennes.fr\/index.php\/wp-json\/wp\/v2\/posts"}],"about":[{"href":"https:\/\/fpma-vincennes.fr\/index.php\/wp-json\/wp\/v2\/types\/post"}],"author":[{"embeddable":true,"href":"https:\/\/fpma-vincennes.fr\/index.php\/wp-json\/wp\/v2\/users\/1"}],"replies":[{"embeddable":true,"href":"https:\/\/fpma-vincennes.fr\/index.php\/wp-json\/wp\/v2\/comments?post=2722"}],"version-history":[{"count":2,"href":"https:\/\/fpma-vincennes.fr\/index.php\/wp-json\/wp\/v2\/posts\/2722\/revisions"}],"predecessor-version":[{"id":2724,"href":"https:\/\/fpma-vincennes.fr\/index.php\/wp-json\/wp\/v2\/posts\/2722\/revisions\/2724"}],"wp:attachment":[{"href":"https:\/\/fpma-vincennes.fr\/index.php\/wp-json\/wp\/v2\/media?parent=2722"}],"wp:term":[{"taxonomy":"category","embeddable":true,"href":"https:\/\/fpma-vincennes.fr\/index.php\/wp-json\/wp\/v2\/categories?post=2722"},{"taxonomy":"post_tag","embeddable":true,"href":"https:\/\/fpma-vincennes.fr\/index.php\/wp-json\/wp\/v2\/tags?post=2722"}],"curies":[{"name":"wp","href":"https:\/\/api.w.org\/{rel}","templated":true}]}}