{"id":2729,"date":"2024-03-26T18:33:50","date_gmt":"2024-03-26T17:33:50","guid":{"rendered":"https:\/\/fpma-vincennes.fr\/?p=2729"},"modified":"2024-03-26T18:45:34","modified_gmt":"2024-03-26T17:45:34","slug":"lectures-du-28-avril-2024","status":"publish","type":"post","link":"https:\/\/fpma-vincennes.fr\/index.php\/2024\/03\/26\/lectures-du-28-avril-2024\/","title":{"rendered":"Lectures du 28 avril 2024"},"content":{"rendered":"<p>Premi\u00e8re lecture : Actes 9 : 26-31<\/p>\n<div class=\"bible-verse-container\"> <span>Actes 9.26-31<\/span><p class=\"verset\"><sup class=\"bible-verse-ref-versets\">26<\/sup> Lorsqu'il se rendit \u00e0\u00a0 J\u00e9rusalem, Saul t\u00e2cha de se joindre \u00e0\u00a0 eux; mais tous le craignaient, ne croyant pas qu'il f\u00e0\u00bbt un disciple.\n<\/p><p class=\"verset\"><sup class=\"bible-verse-ref-versets\">27<\/sup> Alors Barnabas, l'ayant pris avec lui, le conduisit vers les ap\u00f4tres, et leur raconta comment sur le chemin Saul avait vu le Seigneur, qui lui avait parl\u00e9, et comment \u00e0\u00a0 Damas il avait pr\u00each\u00e9 franchement au nom de J\u00e9sus.\n<\/p><p class=\"verset\"><sup class=\"bible-verse-ref-versets\">28<\/sup> Il allait et venait avec eux dans J\u00e9rusalem, et s'exprimait en toute assurance au nom du Seigneur.\n<\/p><p class=\"verset\"><sup class=\"bible-verse-ref-versets\">29<\/sup> Il parlait aussi et disputait avec les Hell\u00e9nistes; mais ceux-ci cherchaient \u00e0\u00a0 lui \u00f4ter la vie.\n<\/p><p class=\"verset\"><sup class=\"bible-verse-ref-versets\">30<\/sup> Les fr\u00e8res, l'ayant su, l'emmen\u00e8rent \u00e0\u00a0 C\u00e9sar\u00e9e, et le firent partir pour Tarse.\n<\/p><p class=\"verset\"><sup class=\"bible-verse-ref-versets\">31<\/sup> L'\u00c9glise \u00e9tait en paix dans toute la Jud\u00e9e, la Galil\u00e9e et la Samarie, s'\u00e9difiant et Marchant dans la crainte du Seigneur, et elle s'accroissait par l'assistance du Saint Esprit.\n<\/p><\/div>\n<p>Deuxi\u00e8me lecture : 1 Jean 3 : 18-24<\/p>\n<div class=\"bible-verse-container\"> <span>1 Jean 3.18-24<\/span><p class=\"verset\"><sup class=\"bible-verse-ref-versets\">18<\/sup> Petits enfants, n'aimons pas en paroles et avec la langue, mais en actions et avec v\u00e9rit\u00e9.\n<\/p><p class=\"verset\"><sup class=\"bible-verse-ref-versets\">19<\/sup> Par l\u00e0\u00a0 nous conna\u00eetrons que nous sommes de la v\u00e9rit\u00e9, et nous rassurerons nos coeurs devant lui;\n<\/p><p class=\"verset\"><sup class=\"bible-verse-ref-versets\">20<\/sup> car si notre coeur nous condamne, Dieu est plus grand que notre coeur, et il conna\u00eet toutes choses.\n<\/p><p class=\"verset\"><sup class=\"bible-verse-ref-versets\">21<\/sup> Bien-aim\u00e9s, si notre coeur ne nous condamne pas, nous avons de l'assurance devant Dieu.\n<\/p><p class=\"verset\"><sup class=\"bible-verse-ref-versets\">22<\/sup> Quoi que ce soit que nous demandions, nous le recevons de lui, parce que nous gardons ses commandements et que nous faisons ce qui lui est agr\u00e9able.\n<\/p><p class=\"verset\"><sup class=\"bible-verse-ref-versets\">23<\/sup> Et c'est ici son commandement: que nous croyions au nom de son Fils J\u00e9sus Christ, et que nous nous aimions les uns les autres, selon le commandement qu'il nous a donn\u00e9.\n<\/p><p class=\"verset\"><sup class=\"bible-verse-ref-versets\">24<\/sup> Celui qui garde ses commandements demeure en Dieu, et Dieu en lui; et nous connaissons qu'il demeure en nous par l'Esprit qu'il nous a donn\u00e9.\n<\/p><\/div>\n<p>Lecture de l&rsquo;Evangile : Jean 15 : 1-8<\/p>\n<div class=\"bible-verse-container\"> <span>Jean 15.1-8<\/span><p class=\"verset\"><sup class=\"bible-verse-ref-versets\">1<\/sup> Je suis le vrai cep, et mon P\u00e8re est le vigneron.\n<\/p><p class=\"verset\"><sup class=\"bible-verse-ref-versets\">2<\/sup> Tout sarment qui est en moi et qui ne porte pas de fruit, il le retranche; et tout sarment qui porte du fruit, il l'\u00e9monde, afin qu'il porte encore plus de fruit.\n<\/p><p class=\"verset\"><sup class=\"bible-verse-ref-versets\">3<\/sup> D\u00e9j\u00e0\u00a0 vous \u00eates purs, \u00e0\u00a0 cause de la parole que je vous ai annonc\u00e9e.\n<\/p><p class=\"verset\"><sup class=\"bible-verse-ref-versets\">4<\/sup> Demeurez en moi, et je demeurerai en vous. Comme le sarment ne peut de lui-m\u00eame porter du fruit, s'il ne demeure attach\u00e9 au cep, ainsi vous ne le pouvez non plus, si vous ne demeurez en moi.\n<\/p><p class=\"verset\"><sup class=\"bible-verse-ref-versets\">5<\/sup> Je suis le cep, vous \u00eates les sarments. Celui qui demeure en moi et en qui je demeure porte beaucoup de fruit, car sans moi vous ne pouvez rien faire.\n<\/p><p class=\"verset\"><sup class=\"bible-verse-ref-versets\">6<\/sup> Si quelqu'un ne demeure pas en moi, il est jet\u00e9 dehors, comme le sarment, et il s\u00e8che; puis on ramasse les sarments, on les jette au feu, et ils br\u00e0\u00bblent.\n<\/p><p class=\"verset\"><sup class=\"bible-verse-ref-versets\">7<\/sup> Si vous demeurez en moi, et que mes paroles demeurent en vous, demandez ce que vous voudrez, et cela vous sera accord\u00e9.\n<\/p><p class=\"verset\"><sup class=\"bible-verse-ref-versets\">8<\/sup> Si vous portez beaucoup de fruit, c'est ainsi que mon P\u00e8re sera glorifi\u00e9, et que vous serez mes disciples.\n<\/p><\/div>\n","protected":false},"excerpt":{"rendered":"<p>Premi\u00e8re lecture : Actes 9 : 26-31 Deuxi\u00e8me lecture : 1 Jean 3 : 18-24 Lecture de l&rsquo;Evangile : Jean 15 : 1-8<\/p>\n","protected":false},"author":1,"featured_media":0,"comment_status":"closed","ping_status":"open","sticky":false,"template":"","format":"standard","meta":{"inline_featured_image":false,"footnotes":""},"categories":[25],"tags":[],"class_list":["post-2729","post","type-post","status-publish","format-standard","hentry","category-lectures-de-la-bibe"],"_links":{"self":[{"href":"https:\/\/fpma-vincennes.fr\/index.php\/wp-json\/wp\/v2\/posts\/2729","targetHints":{"allow":["GET"]}}],"collection":[{"href":"https:\/\/fpma-vincennes.fr\/index.php\/wp-json\/wp\/v2\/posts"}],"about":[{"href":"https:\/\/fpma-vincennes.fr\/index.php\/wp-json\/wp\/v2\/types\/post"}],"author":[{"embeddable":true,"href":"https:\/\/fpma-vincennes.fr\/index.php\/wp-json\/wp\/v2\/users\/1"}],"replies":[{"embeddable":true,"href":"https:\/\/fpma-vincennes.fr\/index.php\/wp-json\/wp\/v2\/comments?post=2729"}],"version-history":[{"count":1,"href":"https:\/\/fpma-vincennes.fr\/index.php\/wp-json\/wp\/v2\/posts\/2729\/revisions"}],"predecessor-version":[{"id":2730,"href":"https:\/\/fpma-vincennes.fr\/index.php\/wp-json\/wp\/v2\/posts\/2729\/revisions\/2730"}],"wp:attachment":[{"href":"https:\/\/fpma-vincennes.fr\/index.php\/wp-json\/wp\/v2\/media?parent=2729"}],"wp:term":[{"taxonomy":"category","embeddable":true,"href":"https:\/\/fpma-vincennes.fr\/index.php\/wp-json\/wp\/v2\/categories?post=2729"},{"taxonomy":"post_tag","embeddable":true,"href":"https:\/\/fpma-vincennes.fr\/index.php\/wp-json\/wp\/v2\/tags?post=2729"}],"curies":[{"name":"wp","href":"https:\/\/api.w.org\/{rel}","templated":true}]}}