{"id":2842,"date":"2024-06-21T23:17:49","date_gmt":"2024-06-21T21:17:49","guid":{"rendered":"https:\/\/fpma-vincennes.fr\/?p=2842"},"modified":"2024-06-21T23:30:21","modified_gmt":"2024-06-21T21:30:21","slug":"lectures-du-07-07-2024","status":"publish","type":"post","link":"https:\/\/fpma-vincennes.fr\/index.php\/2024\/06\/21\/lectures-du-07-07-2024\/","title":{"rendered":"Lectures du 07\/07\/2024"},"content":{"rendered":"<p>Premi\u00e8re lecture : Ez\u00e9chiel 2 : 2-5<\/p>\n<div class=\"bible-verse-container\"> <span>Ez\u00e9chiel 2.2-5<\/span><p class=\"verset\"><sup class=\"bible-verse-ref-versets\">2<\/sup> D\u00e8s qu'il m'eut adress\u00e9 ces mots, l'esprit entra en moi et me fit tenir sur mes pieds; et j'entendis celui qui me parlait.\n<\/p><p class=\"verset\"><sup class=\"bible-verse-ref-versets\">3<\/sup> Il me dit: Fils de l'homme, je t'envoie vers les enfants d'Isra\u00ebl, vers ces peuples rebelles, qui se sont r\u00e9volt\u00e9s contre moi; eux et leurs p\u00e8res ont p\u00e9ch\u00e9 contre moi, jusqu'au jour m\u00eame o\u00f9 nous sommes.\n<\/p><p class=\"verset\"><sup class=\"bible-verse-ref-versets\">4<\/sup> Ce sont des enfants \u00e0\u00a0 la face impudente et au coeur endurci; je t'envoie vers eux, et tu leur diras: Ainsi parle le Seigneur, l'\u00c9ternel.\n<\/p><p class=\"verset\"><sup class=\"bible-verse-ref-versets\">5<\/sup> Qu'ils \u00e9coutent, ou qu'ils n'\u00e9coutent pas, -car c'est une famille de rebelles, -ils sauront qu'un proph\u00e8te est au milieu d'eux.\n<\/p><\/div>\n<p>Deuxi\u00e8me lecture : 2 Corinthiens 12 : 7-10<\/p>\n<div class=\"bible-verse-container\"> <span>2 Corinthiens 12.7-10<\/span><p class=\"verset\"><sup class=\"bible-verse-ref-versets\">7<\/sup> Et pour que je ne sois pas enfl\u00e9 d'orgueil, \u00e0\u00a0 cause de l'excellence de ces r\u00e9v\u00e9lations, il m'a \u00e9t\u00e9 mis une \u00e9charde dans la chair, un ange de Satan pour me souffleter et m'emp\u00eacher de m'enorgueillir.\n<\/p><p class=\"verset\"><sup class=\"bible-verse-ref-versets\">8<\/sup> Trois fois j'ai pri\u00e9 le Seigneur de l'\u00e9loigner de moi,\n<\/p><p class=\"verset\"><sup class=\"bible-verse-ref-versets\">9<\/sup> et il m'a dit: Ma gr\u00e2ce te suffit, car ma puissance s'accomplit dans la faiblesse. Je me glorifierai donc bien plus volontiers de mes faiblesses, afin que la puissance de Christ repose sur moi.\n<\/p><p class=\"verset\"><sup class=\"bible-verse-ref-versets\">10<\/sup> C'est pourquoi je me plais dans les faiblesses, dans les outrages, dans les calamit\u00e9s, dans les pers\u00e9cutions, dans les d\u00e9tresses, pour Christ; car, quand je suis faible, c'est alors que je suis fort.\n<\/p><\/div>\n<p>Lecture de l&rsquo;Evangile : Marc 6 : 1-6<\/p>\n<div class=\"bible-verse-container\"> <span>Marc 6.1-6<\/span><p class=\"verset\"><sup class=\"bible-verse-ref-versets\">1<\/sup> J\u00e9sus partit de l\u00e0\u00a0, et se rendit dans sa patrie. Ses disciples le suivirent.\n<\/p><p class=\"verset\"><sup class=\"bible-verse-ref-versets\">2<\/sup> Quand le sabbat fut venu, il se mit \u00e0\u00a0 enseigner dans la synagogue. Beaucoup de gens qui l'entendirent \u00e9taient \u00e9tonn\u00e9s et disaient: D'o\u00f9 lui viennent ces choses? Quelle est cette sagesse qui lui a \u00e9t\u00e9 donn\u00e9e, et comment de tels miracles se font-ils par ses mains?\n<\/p><p class=\"verset\"><sup class=\"bible-verse-ref-versets\">3<\/sup> N'est-ce pas le charpentier, le fils de Marie, le fr\u00e8re de Jacques, de Joses, de Jude et de Simon? et ses soeurs ne sont-elles pas ici parmi nous? Et il \u00e9tait pour eux une occasion de chute.\n<\/p><p class=\"verset\"><sup class=\"bible-verse-ref-versets\">4<\/sup> Mais J\u00e9sus leur dit: Un proph\u00e8te n'est m\u00e9pris\u00e9 que dans sa patrie, parmi ses parents, et dans sa maison.\n<\/p><p class=\"verset\"><sup class=\"bible-verse-ref-versets\">5<\/sup> Il ne put faire l\u00e0\u00a0 aucun miracle, si ce n'est qu'il imposa les mains \u00e0\u00a0 quelques malades et les gu\u00e9rit.\n<\/p><p class=\"verset\"><sup class=\"bible-verse-ref-versets\">6<\/sup> Et il s'\u00e9tonnait de leur incr\u00e9dulit\u00e9. J\u00e9sus parcourait les villages d'alentour, en enseignant.\n<\/p><\/div>\n","protected":false},"excerpt":{"rendered":"<p>Premi\u00e8re lecture : Ez\u00e9chiel 2 : 2-5 Deuxi\u00e8me lecture : 2 Corinthiens 12 : 7-10 Lecture de l&rsquo;Evangile : Marc 6 : 1-6<\/p>\n","protected":false},"author":1,"featured_media":0,"comment_status":"closed","ping_status":"open","sticky":false,"template":"","format":"standard","meta":{"inline_featured_image":false,"footnotes":""},"categories":[25],"tags":[],"class_list":["post-2842","post","type-post","status-publish","format-standard","hentry","category-lectures-de-la-bibe"],"_links":{"self":[{"href":"https:\/\/fpma-vincennes.fr\/index.php\/wp-json\/wp\/v2\/posts\/2842","targetHints":{"allow":["GET"]}}],"collection":[{"href":"https:\/\/fpma-vincennes.fr\/index.php\/wp-json\/wp\/v2\/posts"}],"about":[{"href":"https:\/\/fpma-vincennes.fr\/index.php\/wp-json\/wp\/v2\/types\/post"}],"author":[{"embeddable":true,"href":"https:\/\/fpma-vincennes.fr\/index.php\/wp-json\/wp\/v2\/users\/1"}],"replies":[{"embeddable":true,"href":"https:\/\/fpma-vincennes.fr\/index.php\/wp-json\/wp\/v2\/comments?post=2842"}],"version-history":[{"count":1,"href":"https:\/\/fpma-vincennes.fr\/index.php\/wp-json\/wp\/v2\/posts\/2842\/revisions"}],"predecessor-version":[{"id":2843,"href":"https:\/\/fpma-vincennes.fr\/index.php\/wp-json\/wp\/v2\/posts\/2842\/revisions\/2843"}],"wp:attachment":[{"href":"https:\/\/fpma-vincennes.fr\/index.php\/wp-json\/wp\/v2\/media?parent=2842"}],"wp:term":[{"taxonomy":"category","embeddable":true,"href":"https:\/\/fpma-vincennes.fr\/index.php\/wp-json\/wp\/v2\/categories?post=2842"},{"taxonomy":"post_tag","embeddable":true,"href":"https:\/\/fpma-vincennes.fr\/index.php\/wp-json\/wp\/v2\/tags?post=2842"}],"curies":[{"name":"wp","href":"https:\/\/api.w.org\/{rel}","templated":true}]}}