{"id":2875,"date":"2024-08-03T17:14:47","date_gmt":"2024-08-03T15:14:47","guid":{"rendered":"https:\/\/fpma-vincennes.fr\/?p=2875"},"modified":"2024-08-03T18:04:54","modified_gmt":"2024-08-03T16:04:54","slug":"lectures-du-27-10-2024","status":"publish","type":"post","link":"https:\/\/fpma-vincennes.fr\/index.php\/2024\/08\/03\/lectures-du-27-10-2024\/","title":{"rendered":"Lectures du 27\/10\/2024"},"content":{"rendered":"<p>Premi\u00e8re lecture : J\u00e9r\u00e9mie 31 : 7-9<\/p>\n<div class=\"bible-verse-container\"> <span>Jer\u00e9mie 31.7-9<\/span><p class=\"verset\"><sup class=\"bible-verse-ref-versets\">7<\/sup> Levez-vous, montons \u00e0\u00a0 Sion, vers l'\u00c9ternel, notre Dieu! Car ainsi parle l'\u00c9ternel: Poussez des cris de joie sur Jacob, \u00c9clatez d'all\u00e9gresse \u00e0\u00a0 la t\u00eate des nations! \u00c9levez vos voix, chantez des louanges, et dites: \u00c9ternel, d\u00e9livre ton peuple, le reste d'Isra\u00ebl!\n<\/p><p class=\"verset\"><sup class=\"bible-verse-ref-versets\">8<\/sup> Voici, je les ram\u00e8ne du pays du septentrion, Je les rassemble des extr\u00e9mit\u00e9s de la terre; Parmi eux sont l'aveugle et le boiteux, La femme enceinte et celle en travail; C'est une grande multitude, qui revient ici.\n<\/p><p class=\"verset\"><sup class=\"bible-verse-ref-versets\">9<\/sup> Ils viennent en pleurant, et je les conduis au milieu de leurs supplications; Je les m\u00e8ne vers des torrents d'eau, Par un chemin uni o\u00f9 ils ne chancellent pas; Car je suis un p\u00e8re pour Isra\u00ebl, Et \u00c9phra\u00efm est mon premier-n\u00e9.\n<\/p><\/div>\n<p>Deuxi\u00e8me lecture : Hebreux 5 : 1-6<\/p>\n<div class=\"bible-verse-container\"> <span>Hebreux 5.1-6<\/span><p class=\"verset\"><sup class=\"bible-verse-ref-versets\">1<\/sup> En effet, tout souverain sacrificateur pris du milieu des hommes est \u00e9tabli pour les hommes dans le service de Dieu, afin de pr\u00e9senter des offrandes et des sacrifice pour les p\u00e9ch\u00e9s.\n<\/p><p class=\"verset\"><sup class=\"bible-verse-ref-versets\">2<\/sup> Il peut \u00eatre indulgent pour les ignorants et les \u00e9gar\u00e9s, puisque la faiblesse est aussi son partage.\n<\/p><p class=\"verset\"><sup class=\"bible-verse-ref-versets\">3<\/sup> Et c'est \u00e0\u00a0 cause de cette faiblesse qu'il doit offrir des sacrifices pour ses propres p\u00e9ch\u00e9s, comme pour ceux du peuple.\n<\/p><p class=\"verset\"><sup class=\"bible-verse-ref-versets\">4<\/sup> Nul ne s'attribue cette dignit\u00e9, s'il n'est appel\u00e9 de Dieu, comme le fut Aaron.\n<\/p><p class=\"verset\"><sup class=\"bible-verse-ref-versets\">5<\/sup> Et Christ ne s'est pas non plus attribu\u00e9 la gloire de devenir souverain sacrificateur, mais il la tient de celui qui lui a dit: Tu es mon Fils, Je t'ai engendr\u00e9 aujourd'hui!\n<\/p><p class=\"verset\"><sup class=\"bible-verse-ref-versets\">6<\/sup> Comme il dit encore ailleurs: Tu es sacrificateur pour toujours, Selon l'ordre de Melchis\u00e9dek.\n<\/p><\/div>\n<p>Lecture de l&rsquo;Evangile : Marc 10 : 46-52<\/p>\n<div class=\"bible-verse-container\"> <span>Marc 10.46-52<\/span><p class=\"verset\"><sup class=\"bible-verse-ref-versets\">46<\/sup> Ils arriv\u00e8rent \u00e0\u00a0 J\u00e9richo. Et, lorsque J\u00e9sus en sortit, avec ses disciples et une assez grande foule, le fils de Tim\u00e9e, Bartim\u00e9e, mendiant aveugle, \u00e9tait assis au bord du chemin.\n<\/p><p class=\"verset\"><sup class=\"bible-verse-ref-versets\">47<\/sup> Il entendit que c'\u00e9tait J\u00e9sus de Nazareth, et il se mit \u00e0\u00a0 crier; Fils de David, J\u00e9sus aie piti\u00e9 de moi!\n<\/p><p class=\"verset\"><sup class=\"bible-verse-ref-versets\">48<\/sup> Plusieurs le reprenaient, pour le faire taire; mais il criait beaucoup plus fort; Fils de David, aie piti\u00e9 de moi!\n<\/p><p class=\"verset\"><sup class=\"bible-verse-ref-versets\">49<\/sup> J\u00e9sus s'arr\u00eata, et dit: Appelez-le. Ils appel\u00e8rent l'aveugle, en lui disant: Prends courage, l\u00e8ve-toi, il t'appelle.\n<\/p><p class=\"verset\"><sup class=\"bible-verse-ref-versets\">50<\/sup> L'aveugle jeta son manteau, et, se levant d'un bond, vint vers J\u00e9sus.\n<\/p><p class=\"verset\"><sup class=\"bible-verse-ref-versets\">51<\/sup> J\u00e9sus, prenant la parole, lui dit: Que veux-tu que je te fasse? Rabbouni, lui r\u00e9pondit l'aveugle, que je recouvre la vue.\n<\/p><p class=\"verset\"><sup class=\"bible-verse-ref-versets\">52<\/sup> Et J\u00e9sus lui dit: Va, ta foi t'a sauv\u00e9.\r\n<\/p><\/div>\n","protected":false},"excerpt":{"rendered":"<p>Premi\u00e8re lecture : J\u00e9r\u00e9mie 31 : 7-9 Deuxi\u00e8me lecture : Hebreux 5 : 1-6 Lecture de l&rsquo;Evangile : Marc 10 : 46-52<\/p>\n","protected":false},"author":1,"featured_media":0,"comment_status":"closed","ping_status":"open","sticky":false,"template":"","format":"standard","meta":{"inline_featured_image":false,"footnotes":""},"categories":[25],"tags":[],"class_list":["post-2875","post","type-post","status-publish","format-standard","hentry","category-lectures-de-la-bibe"],"_links":{"self":[{"href":"https:\/\/fpma-vincennes.fr\/index.php\/wp-json\/wp\/v2\/posts\/2875","targetHints":{"allow":["GET"]}}],"collection":[{"href":"https:\/\/fpma-vincennes.fr\/index.php\/wp-json\/wp\/v2\/posts"}],"about":[{"href":"https:\/\/fpma-vincennes.fr\/index.php\/wp-json\/wp\/v2\/types\/post"}],"author":[{"embeddable":true,"href":"https:\/\/fpma-vincennes.fr\/index.php\/wp-json\/wp\/v2\/users\/1"}],"replies":[{"embeddable":true,"href":"https:\/\/fpma-vincennes.fr\/index.php\/wp-json\/wp\/v2\/comments?post=2875"}],"version-history":[{"count":1,"href":"https:\/\/fpma-vincennes.fr\/index.php\/wp-json\/wp\/v2\/posts\/2875\/revisions"}],"predecessor-version":[{"id":2876,"href":"https:\/\/fpma-vincennes.fr\/index.php\/wp-json\/wp\/v2\/posts\/2875\/revisions\/2876"}],"wp:attachment":[{"href":"https:\/\/fpma-vincennes.fr\/index.php\/wp-json\/wp\/v2\/media?parent=2875"}],"wp:term":[{"taxonomy":"category","embeddable":true,"href":"https:\/\/fpma-vincennes.fr\/index.php\/wp-json\/wp\/v2\/categories?post=2875"},{"taxonomy":"post_tag","embeddable":true,"href":"https:\/\/fpma-vincennes.fr\/index.php\/wp-json\/wp\/v2\/tags?post=2875"}],"curies":[{"name":"wp","href":"https:\/\/api.w.org\/{rel}","templated":true}]}}