{"id":3227,"date":"2025-02-21T22:28:39","date_gmt":"2025-02-21T21:28:39","guid":{"rendered":"https:\/\/fpma-vincennes.fr\/?p=3227"},"modified":"2025-02-21T22:28:52","modified_gmt":"2025-02-21T21:28:52","slug":"lectures-du-23-02-2025","status":"publish","type":"post","link":"https:\/\/fpma-vincennes.fr\/index.php\/2025\/02\/21\/lectures-du-23-02-2025\/","title":{"rendered":"Lectures du 23\/02\/2025"},"content":{"rendered":"<p>Premi\u00e8re lecture : 1 Samuel 26 : 2 &#8211; 12<\/p>\n<div class=\"bible-verse-container\"> <span>1 Samuel 26.2-12<\/span><p class=\"verset\"><sup class=\"bible-verse-ref-versets\">2<\/sup> Sa\u00fcl se leva et descendit au d\u00e9sert de Ziph, avec trois mille hommes de l'\u00e9lite d'Isra\u00ebl, pour chercher David dans le d\u00e9sert de Ziph.\n<\/p><p class=\"verset\"><sup class=\"bible-verse-ref-versets\">3<\/sup> Il campa sur la colline de Hakila, en face du d\u00e9sert, pr\u00e8s du chemin. David \u00e9tait dans le d\u00e9sert; et s'\u00e9tant aper\u00e0\u00a7u que Sa\u00fcl Marchait \u00e0\u00a0 sa poursuite au d\u00e9sert,\n<\/p><p class=\"verset\"><sup class=\"bible-verse-ref-versets\">4<\/sup> il envoya des espions, et apprit avec certitude que Sa\u00fcl \u00e9tait arriv\u00e9.\n<\/p><p class=\"verset\"><sup class=\"bible-verse-ref-versets\">5<\/sup> Alors David se leva et vint au lieu o\u00f9 Sa\u00fcl \u00e9tait camp\u00e9, et il vit la place o\u00f9 couchait Sa\u00fcl, avec Abner, fils de Ner, chef de son arm\u00e9e. Sa\u00fcl couchait au milieu du camp, et le peuple campait autour de lui.\n<\/p><p class=\"verset\"><sup class=\"bible-verse-ref-versets\">6<\/sup> David prit la parole, et s'adressant \u00e0\u00a0 Achim\u00e9lec, H\u00e9thien, et \u00e0\u00a0 Abischa\u00ef, fils de Tseruja et fr\u00e8re de Joab, il dit: Qui veut descendre avec moi dans le camp vers Sa\u00fcl? Et Abischa\u00ef r\u00e9pondit: Moi, je descendrai avec toi.\n<\/p><p class=\"verset\"><sup class=\"bible-verse-ref-versets\">7<\/sup> David et Abischa\u00ef all\u00e8rent de nuit vers le peuple. Et voici, Sa\u00fcl \u00e9tait couch\u00e9 et dormait au milieu du camp, et sa lance \u00e9tait fix\u00e9e en terre \u00e0\u00a0 son chevet. Abner et le peuple \u00e9taient couch\u00e9s autour de lui.\n<\/p><p class=\"verset\"><sup class=\"bible-verse-ref-versets\">8<\/sup> Abischa\u00ef dit \u00e0\u00a0 David: Dieu livre aujourd'hui ton ennemi entre tes mains; laisse-moi, je te prie, le frapper de ma lance et le clouer en terre d'un seul coup, pour que je n'aie pas \u00e0\u00a0 y revenir.\n<\/p><p class=\"verset\"><sup class=\"bible-verse-ref-versets\">9<\/sup> Mais David dit \u00e0\u00a0 Abischa\u00ef: Ne le d\u00e9truis pas! car qui pourrait impun\u00e9ment porter la main sur l'oint de l'\u00c9ternel?\n<\/p><p class=\"verset\"><sup class=\"bible-verse-ref-versets\">10<\/sup> Et David dit: L'\u00c9ternel est vivant! c'est \u00e0\u00a0 l'\u00c9ternel seul \u00e0\u00a0 le frapper, soit que son jour vienne et qu'il meure, soit qu'il descende sur un champ de bataille et qu'il y p\u00e9risse.\n<\/p><p class=\"verset\"><sup class=\"bible-verse-ref-versets\">11<\/sup> Loin de moi, par l'\u00c9ternel! de porter la main sur l'oint de l'\u00c9ternel! Prends seulement la lance qui est \u00e0\u00a0 son chevet, avec la cruche d'eau, et allons-nous-en.\n<\/p><p class=\"verset\"><sup class=\"bible-verse-ref-versets\">12<\/sup> David prit donc la lance et la cruche d'eau qui \u00e9taient au chevet de Sa\u00fcl; et ils s'en all\u00e8rent. Personne ne les vit ni ne s'aper\u00e0\u00a7ut de rien, et personne ne se r\u00e9veilla, car ils dormaient tous d'un profond sommeil dans lequel l'\u00c9ternel les avait plong\u00e9s.\n<\/p><\/div>\n<p>&nbsp;<\/p>\n<p>Deuxi\u00e8me lecture : 1 Corinthiens 15 : 45 &#8211; 49<\/p>\n<div class=\"bible-verse-container\"> <span>1 Corinthiens 15.45-49<\/span><p class=\"verset\"><sup class=\"bible-verse-ref-versets\">45<\/sup> C'est pourquoi il est \u00e9crit: Le premier homme, Adam, devint une \u00e2me vivante. Le dernier Adam est devenu un esprit vivifiant.\n<\/p><p class=\"verset\"><sup class=\"bible-verse-ref-versets\">46<\/sup> Mais ce qui est spirituel n'est pas le premier, c'est ce qui est animal; ce qui est spirituel vient ensuite.\n<\/p><p class=\"verset\"><sup class=\"bible-verse-ref-versets\">47<\/sup> Le premier homme, tir\u00e9 de la terre, est terrestre; le second homme est du ciel.\n<\/p><p class=\"verset\"><sup class=\"bible-verse-ref-versets\">48<\/sup> Tel est le terrestre, tels sont aussi les terrestres; et tel est le c\u00e9leste, tels sont aussi les c\u00e9lestes.\n<\/p><p class=\"verset\"><sup class=\"bible-verse-ref-versets\">49<\/sup> Et de m\u00eame que nous avons port\u00e9 l'image du terrestre, nous porterons aussi l'image du c\u00e9leste.\n<\/p><\/div>\n<p>&nbsp;<\/p>\n<p>Lecture de l&rsquo;Evangile : Luc 6 : 27 &#8211; 38<\/p>\n<div class=\"bible-verse-container\"> <span>Luc 6.27-38<\/span><p class=\"verset\"><sup class=\"bible-verse-ref-versets\">27<\/sup> Mais je vous dis, \u00e0\u00a0 vous qui m'\u00e9coutez: Aimez vos ennemis, faites du bien \u00e0\u00a0 ceux qui vous ha\u00efssent,\n<\/p><p class=\"verset\"><sup class=\"bible-verse-ref-versets\">28<\/sup> b\u00e9nissez ceux qui vous maudissent, priez pour ceux qui vous maltraitent.\n<\/p><p class=\"verset\"><sup class=\"bible-verse-ref-versets\">29<\/sup> Si quelqu'un te frappe sur une joue, pr\u00e9sente-lui aussi l'autre. Si quelqu'un prend ton manteau, ne l'emp\u00eache pas de prendre encore ta tunique.\n<\/p><p class=\"verset\"><sup class=\"bible-verse-ref-versets\">30<\/sup> Donne \u00e0\u00a0 quiconque te demande, et ne r\u00e9clame pas ton bien \u00e0\u00a0 celui qui s'en empare.\n<\/p><p class=\"verset\"><sup class=\"bible-verse-ref-versets\">31<\/sup> Ce que vous voulez que les hommes fassent pour vous, faites-le de m\u00eame pour eux.\n<\/p><p class=\"verset\"><sup class=\"bible-verse-ref-versets\">32<\/sup> Si vous aimez ceux qui vous aiment, quel gr\u00e9 vous en saura-t-on? Les p\u00e9cheurs aussi aiment ceux qui les aiment.\n<\/p><p class=\"verset\"><sup class=\"bible-verse-ref-versets\">33<\/sup> Si vous faites du bien \u00e0\u00a0 ceux qui vous font du bien, quel gr\u00e9 vous en saura-t-on? Les p\u00e9cheurs aussi agissent de m\u00eame.\n<\/p><p class=\"verset\"><sup class=\"bible-verse-ref-versets\">34<\/sup> Et si vous pr\u00eatez \u00e0\u00a0 ceux de qui vous esp\u00e9rez recevoir, quel gr\u00e9 vous en saura-t-on? Les p\u00e9cheurs aussi pr\u00eatent aux p\u00e9cheurs, afin de recevoir la pareille.\n<\/p><p class=\"verset\"><sup class=\"bible-verse-ref-versets\">35<\/sup> Mais aimez vos ennemis, faites du bien, et pr\u00eatez sans rien esp\u00e9rer. Et votre r\u00e9compense sera grande, et vous serez fils du Tr\u00e8s Haut, car il est bon pour les ingrats et pour les m\u00e9chants.\n<\/p><p class=\"verset\"><sup class=\"bible-verse-ref-versets\">36<\/sup> Soyez donc mis\u00e9ricordieux, comme votre P\u00e8re est mis\u00e9ricordieux.\n<\/p><p class=\"verset\"><sup class=\"bible-verse-ref-versets\">37<\/sup> Ne jugez point, et vous ne serez point jug\u00e9s; ne condamnez point, et vous ne serez point condamn\u00e9s; absolvez, et vous serez absous.\n<\/p><p class=\"verset\"><sup class=\"bible-verse-ref-versets\">38<\/sup> Donnez, et il vous sera donn\u00e9: on versera dans votre sein une bonne mesure, serr\u00e9e, secou\u00e9e et qui d\u00e9borde; car on vous mesurera avec la mesure dont vous vous serez servis.\n<\/p><\/div>\n","protected":false},"excerpt":{"rendered":"<p>Premi\u00e8re lecture : 1 Samuel 26 : 2 &#8211; 12 &nbsp; Deuxi\u00e8me lecture : 1 Corinthiens 15 : 45 &#8211; 49 &nbsp; Lecture de l&rsquo;Evangile : Luc 6 : 27 &#8211; 38<\/p>\n","protected":false},"author":1,"featured_media":0,"comment_status":"closed","ping_status":"open","sticky":false,"template":"","format":"standard","meta":{"inline_featured_image":false,"footnotes":""},"categories":[25],"tags":[],"class_list":["post-3227","post","type-post","status-publish","format-standard","hentry","category-lectures-de-la-bibe"],"_links":{"self":[{"href":"https:\/\/fpma-vincennes.fr\/index.php\/wp-json\/wp\/v2\/posts\/3227","targetHints":{"allow":["GET"]}}],"collection":[{"href":"https:\/\/fpma-vincennes.fr\/index.php\/wp-json\/wp\/v2\/posts"}],"about":[{"href":"https:\/\/fpma-vincennes.fr\/index.php\/wp-json\/wp\/v2\/types\/post"}],"author":[{"embeddable":true,"href":"https:\/\/fpma-vincennes.fr\/index.php\/wp-json\/wp\/v2\/users\/1"}],"replies":[{"embeddable":true,"href":"https:\/\/fpma-vincennes.fr\/index.php\/wp-json\/wp\/v2\/comments?post=3227"}],"version-history":[{"count":2,"href":"https:\/\/fpma-vincennes.fr\/index.php\/wp-json\/wp\/v2\/posts\/3227\/revisions"}],"predecessor-version":[{"id":3229,"href":"https:\/\/fpma-vincennes.fr\/index.php\/wp-json\/wp\/v2\/posts\/3227\/revisions\/3229"}],"wp:attachment":[{"href":"https:\/\/fpma-vincennes.fr\/index.php\/wp-json\/wp\/v2\/media?parent=3227"}],"wp:term":[{"taxonomy":"category","embeddable":true,"href":"https:\/\/fpma-vincennes.fr\/index.php\/wp-json\/wp\/v2\/categories?post=3227"},{"taxonomy":"post_tag","embeddable":true,"href":"https:\/\/fpma-vincennes.fr\/index.php\/wp-json\/wp\/v2\/tags?post=3227"}],"curies":[{"name":"wp","href":"https:\/\/api.w.org\/{rel}","templated":true}]}}