{"id":3487,"date":"2025-08-02T19:40:10","date_gmt":"2025-08-02T17:40:10","guid":{"rendered":"https:\/\/fpma-vincennes.fr\/?p=3487"},"modified":"2025-08-02T19:56:40","modified_gmt":"2025-08-02T17:56:40","slug":"lectures-du-03-08-2025","status":"publish","type":"post","link":"https:\/\/fpma-vincennes.fr\/index.php\/2025\/08\/02\/lectures-du-03-08-2025\/","title":{"rendered":"Lectures du 03\/08\/2025"},"content":{"rendered":"<p>Premi\u00e8re lecture : Eccl\u00e9siaste 1 : 2 ; 2 : 21 &#8211; 23<\/p>\n<div class=\"bible-verse-container\"> <span>L'Ecclesiaste 1.2<\/span><p class=\"verset\"><sup class=\"bible-verse-ref-versets\">2<\/sup> Vanit\u00e9 des vanit\u00e9s, dit l'Eccl\u00e9siaste, vanit\u00e9 des vanit\u00e9s, tout est vanit\u00e9.\n<\/p><\/div>\n<div class=\"bible-verse-container\"> <span>L'Ecclesiaste 2.21-23<\/span><p class=\"verset\"><sup class=\"bible-verse-ref-versets\">21<\/sup> Car tel homme a travaill\u00e9 avec sagesse et science et avec succ\u00e8s, et il laisse le produit de son travail \u00e0\u00a0 un homme qui ne s'en est point occup\u00e9. C'est encore l\u00e0\u00a0 une vanit\u00e9 et un grand mal.\n<\/p><p class=\"verset\"><sup class=\"bible-verse-ref-versets\">22<\/sup> Que revient-il, en effet, \u00e0\u00a0 l'homme de tout son travail et de la pr\u00e9occupation de son coeur, objet de ses fatigues sous le soleil?\n<\/p><p class=\"verset\"><sup class=\"bible-verse-ref-versets\">23<\/sup> Tous ses jours ne sont que douleur, et son partage n'est que chagrin; m\u00eame la nuit son coeur ne repose pas. C'est encore l\u00e0\u00a0 une vanit\u00e9.\n<\/p><\/div>\n<p>&nbsp;<\/p>\n<p>Deuxi\u00e8me lecture : Colossiens 3 : 1 &#8211; 5 ; 9 &#8211; 11<\/p>\n<div class=\"bible-verse-container\"> <span>Colossiens 3.1-5<\/span><p class=\"verset\"><sup class=\"bible-verse-ref-versets\">1<\/sup> Si donc vous \u00eates ressuscit\u00e9s avec Christ, cherchez les choses d'en haut, o\u00f9 Christ est assis \u00e0\u00a0 la droite de Dieu.\n<\/p><p class=\"verset\"><sup class=\"bible-verse-ref-versets\">2<\/sup> Affectionnez-vous aux choses d'en haut, et non \u00e0\u00a0 celles qui sont sur la terre.\n<\/p><p class=\"verset\"><sup class=\"bible-verse-ref-versets\">3<\/sup> Car vous \u00eates morts, et votre vie est cach\u00e9e avec Christ en Dieu.\n<\/p><p class=\"verset\"><sup class=\"bible-verse-ref-versets\">4<\/sup> Quand Christ, votre vie, para\u00eetra, alors vous para\u00eetrez aussi avec lui dans la gloire.\n<\/p><p class=\"verset\"><sup class=\"bible-verse-ref-versets\">5<\/sup> Faites donc mourir les membres qui sont sur la terre, l'impudicit\u00e9, l'impuret\u00e9, les passions, les mauvais d\u00e9sirs, et la cupidit\u00e9, qui est une idol\u00e2trie.\n<\/p><\/div>\n<div class=\"bible-verse-container\"> <span>Colossiens 3.9-11<\/span><p class=\"verset\"><sup class=\"bible-verse-ref-versets\">9<\/sup> Ne mentez pas les uns aux autres, vous \u00e9tant d\u00e9pouill\u00e9s du vieil homme et de ses oeuvres,\n<\/p><p class=\"verset\"><sup class=\"bible-verse-ref-versets\">10<\/sup> et ayant rev\u00eatu l'homme nouveau, qui se renouvelle, dans la connaissance, selon l'image de celui qui l'a cr\u00e9\u00e9.\n<\/p><p class=\"verset\"><sup class=\"bible-verse-ref-versets\">11<\/sup> Il n'y a ici ni Grec ni Juif, ni circoncis ni incirconcis, ni barbare ni Scythe, ni esclave ni libre; mais Christ est tout et en tous.\n<\/p><\/div>\n<p>&nbsp;<\/p>\n<p>Lecture de l&rsquo;Evangile : Luc 12 : 13- 21<\/p>\n<div class=\"bible-verse-container\"> <span>Luc 12.13-21<\/span><p class=\"verset\"><sup class=\"bible-verse-ref-versets\">13<\/sup> Quelqu'un dit \u00e0\u00a0 J\u00e9sus, du milieu de la foule: Ma\u00eetre, dis \u00e0\u00a0 mon fr\u00e8re de partager avec moi notre h\u00e9ritage.\n<\/p><p class=\"verset\"><sup class=\"bible-verse-ref-versets\">14<\/sup> J\u00e9sus lui r\u00e9pondit: O homme, qui m'a \u00e9tabli pour \u00eatre votre juge, ou pour faire vos partages?\n<\/p><p class=\"verset\"><sup class=\"bible-verse-ref-versets\">15<\/sup> Puis il leur dit: Gardez-vous avec soin de toute avarice; car la vie d'un homme ne d\u00e9pend pas de ses biens, f\u00e0\u00bbt-il dans l'abondance.\n<\/p><p class=\"verset\"><sup class=\"bible-verse-ref-versets\">16<\/sup> Et il leur dit cette parabole: Les terres d'un homme riche avaient beaucoup rapport\u00e9.\n<\/p><p class=\"verset\"><sup class=\"bible-verse-ref-versets\">17<\/sup> Et il raisonnait en lui-m\u00eame, disant: Que ferai-je? car je n'ai pas de place pour serrer ma r\u00e9colte.\n<\/p><p class=\"verset\"><sup class=\"bible-verse-ref-versets\">18<\/sup> Voici, dit-il, ce que je ferai: j'abattrai mes greniers, j'en b\u00e2tirai de plus grands, j'y amasserai toute ma r\u00e9colte et tous mes biens;\n<\/p><p class=\"verset\"><sup class=\"bible-verse-ref-versets\">19<\/sup> et je dirai \u00e0\u00a0 mon \u00e2me: Mon \u00e2me, tu as beaucoup de biens en r\u00e9serve pour plusieurs ann\u00e9es; repose-toi, mange, bois, et r\u00e9jouis-toi.\n<\/p><p class=\"verset\"><sup class=\"bible-verse-ref-versets\">20<\/sup> Mais Dieu lui dit: Insens\u00e9! cette nuit m\u00eame ton \u00e2me te sera redemand\u00e9e; et ce que tu as pr\u00e9par\u00e9, pour qui cela sera-t-il?\n<\/p><p class=\"verset\"><sup class=\"bible-verse-ref-versets\">21<\/sup> Il en est ainsi de celui qui amasse des tr\u00e9sors pour lui-m\u00eame, et qui n'est pas riche pour Dieu.\n<\/p><\/div>\n<p>&nbsp;<\/p>\n","protected":false},"excerpt":{"rendered":"<p>Premi\u00e8re lecture : Eccl\u00e9siaste 1 : 2 ; 2 : 21 &#8211; 23 &nbsp; Deuxi\u00e8me lecture : Colossiens 3 : 1 &#8211; 5 ; 9 &#8211; 11 &nbsp; Lecture de l&rsquo;Evangile : Luc 12 : 13- 21 &nbsp;<\/p>\n","protected":false},"author":1,"featured_media":0,"comment_status":"closed","ping_status":"open","sticky":false,"template":"","format":"standard","meta":{"inline_featured_image":false,"footnotes":""},"categories":[25],"tags":[],"class_list":["post-3487","post","type-post","status-publish","format-standard","hentry","category-lectures-de-la-bibe"],"_links":{"self":[{"href":"https:\/\/fpma-vincennes.fr\/index.php\/wp-json\/wp\/v2\/posts\/3487","targetHints":{"allow":["GET"]}}],"collection":[{"href":"https:\/\/fpma-vincennes.fr\/index.php\/wp-json\/wp\/v2\/posts"}],"about":[{"href":"https:\/\/fpma-vincennes.fr\/index.php\/wp-json\/wp\/v2\/types\/post"}],"author":[{"embeddable":true,"href":"https:\/\/fpma-vincennes.fr\/index.php\/wp-json\/wp\/v2\/users\/1"}],"replies":[{"embeddable":true,"href":"https:\/\/fpma-vincennes.fr\/index.php\/wp-json\/wp\/v2\/comments?post=3487"}],"version-history":[{"count":2,"href":"https:\/\/fpma-vincennes.fr\/index.php\/wp-json\/wp\/v2\/posts\/3487\/revisions"}],"predecessor-version":[{"id":3491,"href":"https:\/\/fpma-vincennes.fr\/index.php\/wp-json\/wp\/v2\/posts\/3487\/revisions\/3491"}],"wp:attachment":[{"href":"https:\/\/fpma-vincennes.fr\/index.php\/wp-json\/wp\/v2\/media?parent=3487"}],"wp:term":[{"taxonomy":"category","embeddable":true,"href":"https:\/\/fpma-vincennes.fr\/index.php\/wp-json\/wp\/v2\/categories?post=3487"},{"taxonomy":"post_tag","embeddable":true,"href":"https:\/\/fpma-vincennes.fr\/index.php\/wp-json\/wp\/v2\/tags?post=3487"}],"curies":[{"name":"wp","href":"https:\/\/api.w.org\/{rel}","templated":true}]}}