{"id":3573,"date":"2025-10-04T00:28:25","date_gmt":"2025-10-03T22:28:25","guid":{"rendered":"https:\/\/fpma-vincennes.fr\/?p=3573"},"modified":"2025-10-04T00:46:25","modified_gmt":"2025-10-03T22:46:25","slug":"lectures-du-05-10-2025","status":"publish","type":"post","link":"https:\/\/fpma-vincennes.fr\/index.php\/2025\/10\/04\/lectures-du-05-10-2025\/","title":{"rendered":"Lectures du 05\/10\/2025"},"content":{"rendered":"<p>Premi\u00e8re lecture : Habakuk 1 : 2 &#8211; 3 ; 2 : 2 &#8211; 4<\/p>\n<div class=\"bible-verse-container\"> <span>Habakuk 1.2-3<\/span><p class=\"verset\"><sup class=\"bible-verse-ref-versets\">2<\/sup> Jusqu'\u00e0\u00a0 quand, \u00f4 \u00c9ternel?... J'ai cri\u00e9, Et tu n'\u00e9coutes pas! J'ai cri\u00e9 vers toi \u00e0\u00a0 la violence, Et tu ne secours pas!\n<\/p><p class=\"verset\"><sup class=\"bible-verse-ref-versets\">3<\/sup> Pourquoi me fais-tu voir l'iniquit\u00e9, Et contemples-tu l'injustice? Pourquoi l'oppression et la violence sont-elles devant moi? Il y a des querelles, et la discorde s'\u00e9l\u00e8ve.\n<\/p><\/div>\n<div class=\"bible-verse-container\"> <span>Habakuk 2.2-4<\/span><p class=\"verset\"><sup class=\"bible-verse-ref-versets\">2<\/sup> L'\u00c9ternel m'adressa la parole, et il dit: \u00c9cris la proph\u00e9tie: Grave-la sur des tables, Afin qu'on la lise couramment.\n<\/p><p class=\"verset\"><sup class=\"bible-verse-ref-versets\">3<\/sup> Car c'est une proph\u00e9tie dont le temps est d\u00e9j\u00e0\u00a0 fix\u00e9, Elle Marche vers son terme, et elle ne mentira pas; Si elle tarde, attends-la, Car elle s'accomplira, elle s'accomplira certainement.\n<\/p><p class=\"verset\"><sup class=\"bible-verse-ref-versets\">4<\/sup> Voici, son \u00e2me s'est enfl\u00e9e, elle n'est pas droite en lui; Mais le juste vivra par sa foi.\n<\/p><\/div>\n<p>&nbsp;<\/p>\n<p>Deuxi\u00e8me lecture : 2 Timoth\u00e9e 1 : 6 &#8211; 14<\/p>\n<div class=\"bible-verse-container\"> <span>2 Timoth\u00e9e 1.6-14<\/span><p class=\"verset\"><sup class=\"bible-verse-ref-versets\">6<\/sup> C'est pourquoi je t'exhorte \u00e0\u00a0 ranimer le don de Dieu que tu as re\u00e0\u00a7u par l'imposition de mes mains.\n<\/p><p class=\"verset\"><sup class=\"bible-verse-ref-versets\">7<\/sup> Car ce n'est pas un esprit de timidit\u00e9 que Dieu nous a donn\u00e9, mais un esprit de force, d'amour et de sagesse.\n<\/p><p class=\"verset\"><sup class=\"bible-verse-ref-versets\">8<\/sup> N'aie donc point honte du t\u00e9moignage \u00e0\u00a0 rendre \u00e0\u00a0 notre Seigneur, ni de moi son prisonnier. Mais souffre avec moi pour l'\u00c9vangile,\n<\/p><p class=\"verset\"><sup class=\"bible-verse-ref-versets\">9<\/sup> par la puissance de Dieu qui nous a sauv\u00e9s, et nous a adress\u00e9 une sainte vocation, non \u00e0\u00a0 cause de nos oeuvres, mais selon son propre dessein, et selon la gr\u00e2ce qui nous a \u00e9t\u00e9 donn\u00e9e en J\u00e9sus Christ avant les temps \u00e9ternels,\n<\/p><p class=\"verset\"><sup class=\"bible-verse-ref-versets\">10<\/sup> et qui a \u00e9t\u00e9 manifest\u00e9e maintenant par l'apparition de notre Sauveur J\u00e9sus Christ, qui a d\u00e9truit la mort et a mis en \u00e9vidence la vie et l'immortalit\u00e9 par l'\u00c9vangile.\n<\/p><p class=\"verset\"><sup class=\"bible-verse-ref-versets\">11<\/sup> C'est pour cet \u00c9vangile que j'ai \u00e9t\u00e9 \u00e9tabli pr\u00e9dicateur et ap\u00f4tre, charg\u00e9 d'instruire les pa\u00efens.\n<\/p><p class=\"verset\"><sup class=\"bible-verse-ref-versets\">12<\/sup> Et c'est \u00e0\u00a0 cause de cela que je souffre ces choses; mais j'en ai point honte, car je sais en qui j'ai cru, et je suis persuad\u00e9 qu'il a la puissance de garder mon d\u00e9p\u00f4t jusqu'\u00e0\u00a0 ce jour-l\u00e0\u00a0.\n<\/p><p class=\"verset\"><sup class=\"bible-verse-ref-versets\">13<\/sup> Retiens dans la foi et dans la charit\u00e9 qui est en J\u00e9sus Christ le mod\u00e8le des saines paroles que tu as re\u00e0\u00a7ues de moi.\n<\/p><p class=\"verset\"><sup class=\"bible-verse-ref-versets\">14<\/sup> Garde le bon d\u00e9p\u00f4t, par le Saint Esprit qui habite en nous.\n<\/p><\/div>\n<p>&nbsp;<\/p>\n<p>Lecture de l&rsquo;Evangile : Luc 17 : 5 &#8211; 10<\/p>\n<div class=\"bible-verse-container\"> <span>Luc 17.5-10<\/span><p class=\"verset\"><sup class=\"bible-verse-ref-versets\">5<\/sup> Les ap\u00f4tres dirent au Seigneur: Augmente-nous la foi.\n<\/p><p class=\"verset\"><sup class=\"bible-verse-ref-versets\">6<\/sup> Et le Seigneur dit: Si vous aviez de la foi comme un grain de s\u00e9nev\u00e9, vous diriez \u00e0\u00a0 ce sycomore: D\u00e9racine-toi, et plante-toi dans la mer; et il vous ob\u00e9irait.\n<\/p><p class=\"verset\"><sup class=\"bible-verse-ref-versets\">7<\/sup> Qui de vous, ayant un serviteur qui laboure ou pa\u00eet les troupeaux, lui dira, quand il revient des champs: Approche vite, et mets-toi \u00e0\u00a0 table?\n<\/p><p class=\"verset\"><sup class=\"bible-verse-ref-versets\">8<\/sup> Ne lui dira-t-il pas au contraire: Pr\u00e9pare-moi \u00e0\u00a0 souper, ceins-toi, et sers-moi, jusqu'\u00e0\u00a0 ce que j'aie mang\u00e9 et bu; apr\u00e8s cela, toi, tu mangeras et boiras?\n<\/p><p class=\"verset\"><sup class=\"bible-verse-ref-versets\">9<\/sup> Doit-il de la reconnaissance \u00e0\u00a0 ce serviteur parce qu'il a fait ce qui lui \u00e9tait ordonn\u00e9?\n<\/p><p class=\"verset\"><sup class=\"bible-verse-ref-versets\">10<\/sup> Vous de m\u00eame, quand vous avez fait tout ce qui vous a \u00e9t\u00e9 ordonn\u00e9, dites: Nous sommes des serviteurs inutiles, nous avons fait ce que nous devions faire.\n<\/p><\/div>\n<p>&nbsp;<\/p>\n","protected":false},"excerpt":{"rendered":"<p>Premi\u00e8re lecture : Habakuk 1 : 2 &#8211; 3 ; 2 : 2 &#8211; 4 &nbsp; Deuxi\u00e8me lecture : 2 Timoth\u00e9e 1 : 6 &#8211; 14 &nbsp; Lecture de l&rsquo;Evangile : Luc 17 : 5 &#8211; 10 &nbsp;<\/p>\n","protected":false},"author":1,"featured_media":0,"comment_status":"closed","ping_status":"open","sticky":false,"template":"","format":"standard","meta":{"inline_featured_image":false,"footnotes":""},"categories":[25],"tags":[],"class_list":["post-3573","post","type-post","status-publish","format-standard","hentry","category-lectures-de-la-bibe"],"_links":{"self":[{"href":"https:\/\/fpma-vincennes.fr\/index.php\/wp-json\/wp\/v2\/posts\/3573","targetHints":{"allow":["GET"]}}],"collection":[{"href":"https:\/\/fpma-vincennes.fr\/index.php\/wp-json\/wp\/v2\/posts"}],"about":[{"href":"https:\/\/fpma-vincennes.fr\/index.php\/wp-json\/wp\/v2\/types\/post"}],"author":[{"embeddable":true,"href":"https:\/\/fpma-vincennes.fr\/index.php\/wp-json\/wp\/v2\/users\/1"}],"replies":[{"embeddable":true,"href":"https:\/\/fpma-vincennes.fr\/index.php\/wp-json\/wp\/v2\/comments?post=3573"}],"version-history":[{"count":2,"href":"https:\/\/fpma-vincennes.fr\/index.php\/wp-json\/wp\/v2\/posts\/3573\/revisions"}],"predecessor-version":[{"id":3583,"href":"https:\/\/fpma-vincennes.fr\/index.php\/wp-json\/wp\/v2\/posts\/3573\/revisions\/3583"}],"wp:attachment":[{"href":"https:\/\/fpma-vincennes.fr\/index.php\/wp-json\/wp\/v2\/media?parent=3573"}],"wp:term":[{"taxonomy":"category","embeddable":true,"href":"https:\/\/fpma-vincennes.fr\/index.php\/wp-json\/wp\/v2\/categories?post=3573"},{"taxonomy":"post_tag","embeddable":true,"href":"https:\/\/fpma-vincennes.fr\/index.php\/wp-json\/wp\/v2\/tags?post=3573"}],"curies":[{"name":"wp","href":"https:\/\/api.w.org\/{rel}","templated":true}]}}