{"id":3835,"date":"2026-01-03T12:15:19","date_gmt":"2026-01-03T11:15:19","guid":{"rendered":"https:\/\/fpma-vincennes.fr\/?p=3835"},"modified":"2026-01-03T12:15:36","modified_gmt":"2026-01-03T11:15:36","slug":"assemblee-generale-25-01-2026","status":"publish","type":"post","link":"https:\/\/fpma-vincennes.fr\/index.php\/2026\/01\/03\/assemblee-generale-25-01-2026\/","title":{"rendered":"Assembl\u00e9e G\u00e9n\u00e9rale 25\/01\/2026"},"content":{"rendered":"<p><span style=\"color: #000080;\"><strong>CONVOCATION A L&rsquo;ASSEMBL\u00c9E G\u00c9N\u00c9RALE DE L&rsquo;ASSOCIATION CULTUELLE FPMA VINCENNES<br \/>\nDIMANCHE 25 JANVIER 2026<\/strong><\/span><\/p>\n<p><span style=\"color: #000080;\">Vu l&rsquo;Article 10.3 du R\u00e8glement Int\u00e9rieur de la FPMA Vincennes : \u00ab L&rsquo;Assembl\u00e9e Paroissiale se r\u00e9unit en assembl\u00e9e g\u00e9n\u00e9rale au moins une (1) fois par an pour approuver les bilans financiers, les bilans moraux, les bilans des activit\u00e9s de l&rsquo;exercice \u00e9coul\u00e9 et aussi pour voter le budget \u00bb,\u00a0les membres responsables de la FPMA Vincennes sont invit\u00e9s \u00e0 l&rsquo;Assembl\u00e9e g\u00e9n\u00e9rale annuelle qui se tiendra le dimanche 25 janvier 2026 \u00e0 17h00 au Temple de Vincennes \u2013 15 rue de la Fraternit\u00e9 \u2013 94300 Vincennes.<\/span><\/p>\n<p><span style=\"color: #000080;\">Ordre du jour :<br \/>\nBilan moral 2025<br \/>\nBilan financier 2025<br \/>\nBudget pr\u00e9visionnel 2026<\/span><\/p>\n<p><span style=\"color: #000080;\">Elie Ramanivosoa<br \/>\nPr\u00e9sident<\/span><\/p>\n<p><span style=\"color: #000080;\">&#8212;&#8212;&#8212;&#8212;&#8212;&#8212;&#8212;&#8212;&#8212;&#8212;<wbr \/>&#8212;&#8212;&#8212;&#8212;&#8212;&#8212;&#8212;&#8212;&#8212;&#8212;<wbr \/>&#8212;-<\/span><\/p>\n<p><span style=\"color: #000080;\"><strong>FIANTSOANA FIVORIAMBE\u00a0<\/strong><strong>ASSOCIATION CULTUELLE FPMA VINCENNES<\/strong><br \/>\n<strong>ALAHADY 25 JANVIER 2026<\/strong><\/span><\/p>\n<p><span style=\"color: #000080;\">Araka ny Fitsipika Anatin&rsquo;ny FPMA Vincennes, Andalana 10.3 :<br \/>\n\u00ab L&rsquo;Assembl\u00e9e Paroissiale se r\u00e9unit en assembl\u00e9e g\u00e9n\u00e9rale au moins une (1) fois par an pour approuver les bilans financiers, les bilans moraux, les bilans des activit\u00e9s de l&rsquo;exercice \u00e9coul\u00e9 et aussi pour voter le budget \u00bb,<br \/>\ndia antsoina ny Mpandray Fanasan&rsquo; ny Tompo rehetra eto amin&rsquo;ny FPMA Vincennes hanatrika ny Fivoriambe fanao isan-taona izay hatao ny Alahady 25 janoary 2026 amin&rsquo;ny 5 ora hariva ao amin&rsquo;ny fiangonana &#8211; 15 rue de la Fraternit\u00e9 \u2013 94300 Vincennes.<\/span><\/p>\n<p><span style=\"color: #000080;\">Tanisa dinika :<br \/>\nTatitra moraly taona 2025<br \/>\nTatitra ara-bola taona 2025<br \/>\nTetibola taona 2026<\/span><\/p>\n","protected":false},"excerpt":{"rendered":"<p>CONVOCATION A L&rsquo;ASSEMBL\u00c9E G\u00c9N\u00c9RALE DE L&rsquo;ASSOCIATION CULTUELLE FPMA VINCENNES DIMANCHE 25 JANVIER 2026 Vu l&rsquo;Article 10.3 du R\u00e8glement Int\u00e9rieur de la FPMA Vincennes : \u00ab L&rsquo;Assembl\u00e9e Paroissiale se r\u00e9unit en assembl\u00e9e g\u00e9n\u00e9rale au moins une (1) fois par an pour approuver les bilans financiers, les bilans moraux, les bilans des activit\u00e9s de l&rsquo;exercice \u00e9coul\u00e9 et aussi pour voter le budget \u00bb,\u00a0les membres responsables de la FPMA Vincennes sont invit\u00e9s \u00e0 l&rsquo;Assembl\u00e9e g\u00e9n\u00e9rale annuelle qui se tiendra le dimanche 25 janvier&#8230;<\/p>\n<p class=\"read-more\"><a class=\"btn btn-default\" href=\"https:\/\/fpma-vincennes.fr\/index.php\/2026\/01\/03\/assemblee-generale-25-01-2026\/\">Lire la suite<span class=\"screen-reader-text\"> Lire la suite<\/span><\/a><\/p>\n","protected":false},"author":1,"featured_media":0,"comment_status":"closed","ping_status":"open","sticky":false,"template":"","format":"standard","meta":{"inline_featured_image":false,"footnotes":""},"categories":[28],"tags":[],"class_list":["post-3835","post","type-post","status-publish","format-standard","hentry","category-evenement"],"_links":{"self":[{"href":"https:\/\/fpma-vincennes.fr\/index.php\/wp-json\/wp\/v2\/posts\/3835","targetHints":{"allow":["GET"]}}],"collection":[{"href":"https:\/\/fpma-vincennes.fr\/index.php\/wp-json\/wp\/v2\/posts"}],"about":[{"href":"https:\/\/fpma-vincennes.fr\/index.php\/wp-json\/wp\/v2\/types\/post"}],"author":[{"embeddable":true,"href":"https:\/\/fpma-vincennes.fr\/index.php\/wp-json\/wp\/v2\/users\/1"}],"replies":[{"embeddable":true,"href":"https:\/\/fpma-vincennes.fr\/index.php\/wp-json\/wp\/v2\/comments?post=3835"}],"version-history":[{"count":1,"href":"https:\/\/fpma-vincennes.fr\/index.php\/wp-json\/wp\/v2\/posts\/3835\/revisions"}],"predecessor-version":[{"id":3836,"href":"https:\/\/fpma-vincennes.fr\/index.php\/wp-json\/wp\/v2\/posts\/3835\/revisions\/3836"}],"wp:attachment":[{"href":"https:\/\/fpma-vincennes.fr\/index.php\/wp-json\/wp\/v2\/media?parent=3835"}],"wp:term":[{"taxonomy":"category","embeddable":true,"href":"https:\/\/fpma-vincennes.fr\/index.php\/wp-json\/wp\/v2\/categories?post=3835"},{"taxonomy":"post_tag","embeddable":true,"href":"https:\/\/fpma-vincennes.fr\/index.php\/wp-json\/wp\/v2\/tags?post=3835"}],"curies":[{"name":"wp","href":"https:\/\/api.w.org\/{rel}","templated":true}]}}