{"id":3839,"date":"2026-01-03T12:20:20","date_gmt":"2026-01-03T11:20:20","guid":{"rendered":"https:\/\/fpma-vincennes.fr\/?p=3839"},"modified":"2026-01-10T15:45:14","modified_gmt":"2026-01-10T14:45:14","slug":"jeune-et-priere-11-01-2026","status":"publish","type":"post","link":"https:\/\/fpma-vincennes.fr\/index.php\/2026\/01\/03\/jeune-et-priere-11-01-2026\/","title":{"rendered":"Je\u00fbne et pri\u00e8re 11\/01\/2026"},"content":{"rendered":"<p><span style=\"color: #000080;\"><strong>JE\u00dbNE ET PRI\u00c8RE<br \/>\n<\/strong><\/span><\/p>\n<p><span style=\"color: #000080;\"><strong>DIMANCHE 11 JANVIER 2026 \u00e0 13H<br \/>\n<\/strong><\/span><\/p>\n<p><span style=\"color: #000080;\">La Premi\u00e8re \u00e9dition 2026 de l&rsquo;\u00e9v\u00e9nement FPMA nationale \u00abJe\u00fbne et pri\u00e8re\u00bb aura lieu le<br \/>\nDate : <strong>dimanche 11 janvier 2026 \u00e0 13 heures<\/strong><br \/>\nLieu : <strong>15 rue de la Fraternit\u00e9 &#8211; 94300 Vincennes<\/strong><br \/>\nTh\u00e8me : <strong>\u00ab Et celui qui \u00e9tait assis sur le tr\u00f4ne dit: Voici, je fais toutes choses nouvelles.<br \/>\n<\/strong><\/span><span style=\"color: #000080;\"><strong>Et il dit: Ecris; car ces paroles sont certaines et v\u00e9ritables. \u00bb Apocalypse 21:5<\/strong><\/span><\/p>\n<p><img loading=\"lazy\" decoding=\"async\" class=\"aligncenter\" src=\"https:\/\/ci3.googleusercontent.com\/meips\/ADKq_NbjzOQFYY9Bz0Zw4EF63s_mHDCzn0LYiVk2Iia5wT7ujOUfsVQafYerpHZIpT2p-ws7mWFfj8NujY0ZmN8IBJLx6AWQAQQw4YvJXitUFjDwvCoHaiqRGDmh2X2ibacUVPT7cl17H1qKRVRpmsmiDdwO-Z_FAGN27Bk=s0-d-e1-ft#https:\/\/mcusercontent.com\/328c8589716399d73bfb7f2c8\/images\/e277d037-7cb4-5b2b-e9a8-a252026103f8.png\" width=\"607\" height=\"429\" \/><\/p>\n","protected":false},"excerpt":{"rendered":"<p>JE\u00dbNE ET PRI\u00c8RE DIMANCHE 11 JANVIER 2026 \u00e0 13H La Premi\u00e8re \u00e9dition 2026 de l&rsquo;\u00e9v\u00e9nement FPMA nationale \u00abJe\u00fbne et pri\u00e8re\u00bb aura lieu le Date : dimanche 11 janvier 2026 \u00e0 13 heures Lieu : 15 rue de la Fraternit\u00e9 &#8211; 94300 Vincennes Th\u00e8me : \u00ab Et celui qui \u00e9tait assis sur le tr\u00f4ne dit: Voici, je fais toutes choses nouvelles. Et il dit: Ecris; car ces paroles sont certaines et v\u00e9ritables. \u00bb Apocalypse 21:5<\/p>\n","protected":false},"author":1,"featured_media":0,"comment_status":"closed","ping_status":"open","sticky":false,"template":"","format":"standard","meta":{"inline_featured_image":false,"footnotes":""},"categories":[28],"tags":[],"class_list":["post-3839","post","type-post","status-publish","format-standard","hentry","category-evenement"],"_links":{"self":[{"href":"https:\/\/fpma-vincennes.fr\/index.php\/wp-json\/wp\/v2\/posts\/3839","targetHints":{"allow":["GET"]}}],"collection":[{"href":"https:\/\/fpma-vincennes.fr\/index.php\/wp-json\/wp\/v2\/posts"}],"about":[{"href":"https:\/\/fpma-vincennes.fr\/index.php\/wp-json\/wp\/v2\/types\/post"}],"author":[{"embeddable":true,"href":"https:\/\/fpma-vincennes.fr\/index.php\/wp-json\/wp\/v2\/users\/1"}],"replies":[{"embeddable":true,"href":"https:\/\/fpma-vincennes.fr\/index.php\/wp-json\/wp\/v2\/comments?post=3839"}],"version-history":[{"count":4,"href":"https:\/\/fpma-vincennes.fr\/index.php\/wp-json\/wp\/v2\/posts\/3839\/revisions"}],"predecessor-version":[{"id":3850,"href":"https:\/\/fpma-vincennes.fr\/index.php\/wp-json\/wp\/v2\/posts\/3839\/revisions\/3850"}],"wp:attachment":[{"href":"https:\/\/fpma-vincennes.fr\/index.php\/wp-json\/wp\/v2\/media?parent=3839"}],"wp:term":[{"taxonomy":"category","embeddable":true,"href":"https:\/\/fpma-vincennes.fr\/index.php\/wp-json\/wp\/v2\/categories?post=3839"},{"taxonomy":"post_tag","embeddable":true,"href":"https:\/\/fpma-vincennes.fr\/index.php\/wp-json\/wp\/v2\/tags?post=3839"}],"curies":[{"name":"wp","href":"https:\/\/api.w.org\/{rel}","templated":true}]}}