{"id":3942,"date":"2026-02-14T11:38:00","date_gmt":"2026-02-14T10:38:00","guid":{"rendered":"https:\/\/fpma-vincennes.fr\/?p=3942"},"modified":"2026-02-14T11:38:21","modified_gmt":"2026-02-14T10:38:21","slug":"lectures-du-01-03-2026","status":"publish","type":"post","link":"https:\/\/fpma-vincennes.fr\/index.php\/2026\/02\/14\/lectures-du-01-03-2026\/","title":{"rendered":"Lectures du 01\/03\/2026"},"content":{"rendered":"<p>Premi\u00e8re lecture : Gen\u00e8se 12 : 1 &#8211; 4<\/p>\n<div class=\"bible-verse-container\"> <span>Gen\u00e8se 12.1-4<\/span><p class=\"verset\"><sup class=\"bible-verse-ref-versets\">1<\/sup> L'\u00c9ternel dit \u00e0\u00a0 Abram: Va-t-en de ton pays, de ta patrie, et de la maison de ton p\u00e8re, dans le pays que je te montrerai.\n<\/p><p class=\"verset\"><sup class=\"bible-verse-ref-versets\">2<\/sup> Je ferai de toi une grande nation, et je te b\u00e9nirai; je rendrai ton nom grand, et tu seras une source de b\u00e9n\u00e9diction.\n<\/p><p class=\"verset\"><sup class=\"bible-verse-ref-versets\">3<\/sup> Je b\u00e9nirai ceux qui te b\u00e9niront, et je maudirai ceux qui te maudiront; et toutes les familles de la terre seront b\u00e9nies en toi.\n<\/p><p class=\"verset\"><sup class=\"bible-verse-ref-versets\">4<\/sup> Abram partit, comme l'\u00c9ternel le lui avait dit, et Lot partit avec lui. Abram \u00e9tait \u00e2g\u00e9 de soixante-quinze ans, lorsqu'il sortit de Charan.\n<\/p><\/div>\n<p>&nbsp;<\/p>\n<p>Deuxi\u00e8me lecture : 2 Timoth\u00e9e 1\u00a0 : 8 &#8211; 10<\/p>\n<div class=\"bible-verse-container\"> <span>2 Timoth\u00e9e 1.8-10<\/span><p class=\"verset\"><sup class=\"bible-verse-ref-versets\">8<\/sup> N'aie donc point honte du t\u00e9moignage \u00e0\u00a0 rendre \u00e0\u00a0 notre Seigneur, ni de moi son prisonnier. Mais souffre avec moi pour l'\u00c9vangile,\n<\/p><p class=\"verset\"><sup class=\"bible-verse-ref-versets\">9<\/sup> par la puissance de Dieu qui nous a sauv\u00e9s, et nous a adress\u00e9 une sainte vocation, non \u00e0\u00a0 cause de nos oeuvres, mais selon son propre dessein, et selon la gr\u00e2ce qui nous a \u00e9t\u00e9 donn\u00e9e en J\u00e9sus Christ avant les temps \u00e9ternels,\n<\/p><p class=\"verset\"><sup class=\"bible-verse-ref-versets\">10<\/sup> et qui a \u00e9t\u00e9 manifest\u00e9e maintenant par l'apparition de notre Sauveur J\u00e9sus Christ, qui a d\u00e9truit la mort et a mis en \u00e9vidence la vie et l'immortalit\u00e9 par l'\u00c9vangile.\n<\/p><\/div>\n<p>&nbsp;<\/p>\n<p>Lecture de l&rsquo;Evangile : Matthieu 17 : 1 &#8211; 9<\/p>\n<div class=\"bible-verse-container\"> <span>Matthieu 17.1-9<\/span><p class=\"verset\"><sup class=\"bible-verse-ref-versets\">1<\/sup> Six jours apr\u00e8s, J\u00e9sus prit avec lui Pierre, Jacques, et Jean, son fr\u00e8re, et il les conduisit \u00e0\u00a0 l'\u00e9cart sur une haute montagne.\n<\/p><p class=\"verset\"><sup class=\"bible-verse-ref-versets\">2<\/sup> Il fut transfigur\u00e9 devant eux; son visage resplendit comme le soleil, et ses v\u00eatements devinrent blancs comme la lumi\u00e8re.\n<\/p><p class=\"verset\"><sup class=\"bible-verse-ref-versets\">3<\/sup> Et voici, Mo\u00efse et \u00c9lie leur apparurent, s'entretenant avec lui.\n<\/p><p class=\"verset\"><sup class=\"bible-verse-ref-versets\">4<\/sup> Pierre, prenant la parole, dit \u00e0\u00a0 J\u00e9sus: Seigneur, il est bon que nous soyons ici; si tu le veux, je dresserai ici trois tentes, une pour toi, une pour Mo\u00efse, et une pour \u00c9lie.\n<\/p><p class=\"verset\"><sup class=\"bible-verse-ref-versets\">5<\/sup> Comme il parlait encore, une nu\u00e9e lumineuse les couvrit. Et voici, une voix fit entendre de la nu\u00e9e ces paroles: Celui-ci est mon Fils bien-aim\u00e9, en qui j'ai mis toute mon affection: \u00e9coutez-le!\n<\/p><p class=\"verset\"><sup class=\"bible-verse-ref-versets\">6<\/sup> Lorsqu'ils entendirent cette voix, les disciples tomb\u00e8rent sur leur face, et furent saisis d'une grande frayeur.\n<\/p><p class=\"verset\"><sup class=\"bible-verse-ref-versets\">7<\/sup> Mais J\u00e9sus, s'approchant, les toucha, et dit: Levez-vous, n'ayez pas peur!\n<\/p><p class=\"verset\"><sup class=\"bible-verse-ref-versets\">8<\/sup> Ils lev\u00e8rent les yeux, et ne virent que J\u00e9sus seul.\n<\/p><p class=\"verset\"><sup class=\"bible-verse-ref-versets\">9<\/sup> Comme ils descendaient de la montagne, J\u00e9sus leur donna cet ordre: Ne parlez \u00e0\u00a0 personne de cette vision, jusqu'\u00e0\u00a0 ce que le Fils de l'homme soit ressuscit\u00e9 des morts.\n<\/p><\/div>\n","protected":false},"excerpt":{"rendered":"<p>Premi\u00e8re lecture : Gen\u00e8se 12 : 1 &#8211; 4 &nbsp; Deuxi\u00e8me lecture : 2 Timoth\u00e9e 1\u00a0 : 8 &#8211; 10 &nbsp; Lecture de l&rsquo;Evangile : Matthieu 17 : 1 &#8211; 9<\/p>\n","protected":false},"author":1,"featured_media":0,"comment_status":"closed","ping_status":"open","sticky":false,"template":"","format":"standard","meta":{"inline_featured_image":false,"footnotes":""},"categories":[25],"tags":[],"class_list":["post-3942","post","type-post","status-publish","format-standard","hentry","category-lectures-de-la-bibe"],"_links":{"self":[{"href":"https:\/\/fpma-vincennes.fr\/index.php\/wp-json\/wp\/v2\/posts\/3942","targetHints":{"allow":["GET"]}}],"collection":[{"href":"https:\/\/fpma-vincennes.fr\/index.php\/wp-json\/wp\/v2\/posts"}],"about":[{"href":"https:\/\/fpma-vincennes.fr\/index.php\/wp-json\/wp\/v2\/types\/post"}],"author":[{"embeddable":true,"href":"https:\/\/fpma-vincennes.fr\/index.php\/wp-json\/wp\/v2\/users\/1"}],"replies":[{"embeddable":true,"href":"https:\/\/fpma-vincennes.fr\/index.php\/wp-json\/wp\/v2\/comments?post=3942"}],"version-history":[{"count":1,"href":"https:\/\/fpma-vincennes.fr\/index.php\/wp-json\/wp\/v2\/posts\/3942\/revisions"}],"predecessor-version":[{"id":3943,"href":"https:\/\/fpma-vincennes.fr\/index.php\/wp-json\/wp\/v2\/posts\/3942\/revisions\/3943"}],"wp:attachment":[{"href":"https:\/\/fpma-vincennes.fr\/index.php\/wp-json\/wp\/v2\/media?parent=3942"}],"wp:term":[{"taxonomy":"category","embeddable":true,"href":"https:\/\/fpma-vincennes.fr\/index.php\/wp-json\/wp\/v2\/categories?post=3942"},{"taxonomy":"post_tag","embeddable":true,"href":"https:\/\/fpma-vincennes.fr\/index.php\/wp-json\/wp\/v2\/tags?post=3942"}],"curies":[{"name":"wp","href":"https:\/\/api.w.org\/{rel}","templated":true}]}}