{"id":3990,"date":"2026-03-20T23:57:53","date_gmt":"2026-03-20T22:57:53","guid":{"rendered":"https:\/\/fpma-vincennes.fr\/?p=3990"},"modified":"2026-03-21T00:02:19","modified_gmt":"2026-03-20T23:02:19","slug":"jeune-et-priere-22-03-2026","status":"publish","type":"post","link":"https:\/\/fpma-vincennes.fr\/index.php\/2026\/03\/20\/jeune-et-priere-22-03-2026\/","title":{"rendered":"Je\u00fbne et pri\u00e8re 22\/03\/2026"},"content":{"rendered":"<p><span style=\"color: #000080;\"><strong>JE\u00dbNE ET PRI\u00c8RE<br \/>\n<\/strong><\/span><\/p>\n<p><span style=\"color: #000080;\"><strong>DIMANCHE 22 MARS 2026 \u00e0 13H<br \/>\n<\/strong><\/span><\/p>\n<p><span style=\"color: #000080;\">La\u00a0deuxi\u00e8me \u00e9dition 2026 de l\u2019\u00e9v\u00e8nement FPMA nationale \u00ab\u00a0Je\u00fbne\u00a0et\u00a0pri\u00e8re\u00a0\u00bb aura lieu ce\u00a0<strong>dimanche 22 mars \u00e0 13h00 au Temple de Vincennes.<\/strong><\/span><\/p>\n<p><span style=\"color: #000080;\">Le th\u00e8me de cette \u00e9dition est\u00a0<strong>\u00ab\u00a0Dieu est fid\u00e8le !\u00a0\u00bb<\/strong>\u00a0et tir\u00e9 du livre de\u00a0<strong>Daniel 6,1-23<\/strong>\u00a0relatant le r\u00e9cit de\u00a0<strong>DANIEL DANS LA FOSSE AU LION.<\/strong><\/span><\/p>\n<p><img loading=\"lazy\" decoding=\"async\" class=\"alignnone size-large wp-image-3992 aligncenter\" src=\"https:\/\/fpma-vincennes.fr\/wp-content\/uploads\/2026\/03\/jeune_22032026-1024x724.png\" alt=\"\" width=\"640\" height=\"453\" srcset=\"https:\/\/fpma-vincennes.fr\/wp-content\/uploads\/2026\/03\/jeune_22032026-1024x724.png 1024w, https:\/\/fpma-vincennes.fr\/wp-content\/uploads\/2026\/03\/jeune_22032026-300x212.png 300w, https:\/\/fpma-vincennes.fr\/wp-content\/uploads\/2026\/03\/jeune_22032026-768x543.png 768w, https:\/\/fpma-vincennes.fr\/wp-content\/uploads\/2026\/03\/jeune_22032026-1536x1086.png 1536w, https:\/\/fpma-vincennes.fr\/wp-content\/uploads\/2026\/03\/jeune_22032026-382x270.png 382w, https:\/\/fpma-vincennes.fr\/wp-content\/uploads\/2026\/03\/jeune_22032026.png 2000w\" sizes=\"auto, (max-width: 640px) 100vw, 640px\" \/><\/p>\n<p>&nbsp;<\/p>\n<p>&nbsp;<\/p>\n<p>&nbsp;<\/p>\n","protected":false},"excerpt":{"rendered":"<p>JE\u00dbNE ET PRI\u00c8RE DIMANCHE 22 MARS 2026 \u00e0 13H La\u00a0deuxi\u00e8me \u00e9dition 2026 de l\u2019\u00e9v\u00e8nement FPMA nationale \u00ab\u00a0Je\u00fbne\u00a0et\u00a0pri\u00e8re\u00a0\u00bb aura lieu ce\u00a0dimanche 22 mars \u00e0 13h00 au Temple de Vincennes. Le th\u00e8me de cette \u00e9dition est\u00a0\u00ab\u00a0Dieu est fid\u00e8le !\u00a0\u00bb\u00a0et tir\u00e9 du livre de\u00a0Daniel 6,1-23\u00a0relatant le r\u00e9cit de\u00a0DANIEL DANS LA FOSSE AU LION. &nbsp; &nbsp; &nbsp;<\/p>\n","protected":false},"author":1,"featured_media":0,"comment_status":"closed","ping_status":"open","sticky":false,"template":"","format":"standard","meta":{"inline_featured_image":false,"footnotes":""},"categories":[28],"tags":[],"class_list":["post-3990","post","type-post","status-publish","format-standard","hentry","category-evenement"],"_links":{"self":[{"href":"https:\/\/fpma-vincennes.fr\/index.php\/wp-json\/wp\/v2\/posts\/3990","targetHints":{"allow":["GET"]}}],"collection":[{"href":"https:\/\/fpma-vincennes.fr\/index.php\/wp-json\/wp\/v2\/posts"}],"about":[{"href":"https:\/\/fpma-vincennes.fr\/index.php\/wp-json\/wp\/v2\/types\/post"}],"author":[{"embeddable":true,"href":"https:\/\/fpma-vincennes.fr\/index.php\/wp-json\/wp\/v2\/users\/1"}],"replies":[{"embeddable":true,"href":"https:\/\/fpma-vincennes.fr\/index.php\/wp-json\/wp\/v2\/comments?post=3990"}],"version-history":[{"count":3,"href":"https:\/\/fpma-vincennes.fr\/index.php\/wp-json\/wp\/v2\/posts\/3990\/revisions"}],"predecessor-version":[{"id":3997,"href":"https:\/\/fpma-vincennes.fr\/index.php\/wp-json\/wp\/v2\/posts\/3990\/revisions\/3997"}],"wp:attachment":[{"href":"https:\/\/fpma-vincennes.fr\/index.php\/wp-json\/wp\/v2\/media?parent=3990"}],"wp:term":[{"taxonomy":"category","embeddable":true,"href":"https:\/\/fpma-vincennes.fr\/index.php\/wp-json\/wp\/v2\/categories?post=3990"},{"taxonomy":"post_tag","embeddable":true,"href":"https:\/\/fpma-vincennes.fr\/index.php\/wp-json\/wp\/v2\/tags?post=3990"}],"curies":[{"name":"wp","href":"https:\/\/api.w.org\/{rel}","templated":true}]}}