{"id":4045,"date":"2026-04-24T22:53:19","date_gmt":"2026-04-24T20:53:19","guid":{"rendered":"https:\/\/fpma-vincennes.fr\/?p=4045"},"modified":"2026-04-24T22:56:04","modified_gmt":"2026-04-24T20:56:04","slug":"lectures-du-03-05-2026","status":"publish","type":"post","link":"https:\/\/fpma-vincennes.fr\/index.php\/2026\/04\/24\/lectures-du-03-05-2026\/","title":{"rendered":"Lectures du 03\/05\/2026"},"content":{"rendered":"<p>Premi\u00e8re lecture : Actes 6 : 1 &#8211; 7<\/p>\n<div class=\"bible-verse-container\"> <span>Actes 6.1-7<\/span><p class=\"verset\"><sup class=\"bible-verse-ref-versets\">1<\/sup> En ce temps-l\u00e0\u00a0, le nombre des disciples augmentant, les Hell\u00e9nistes murmur\u00e8rent contre les H\u00e9breux, parce que leurs veuves \u00e9taient n\u00e9glig\u00e9es dans la distribution qui se faisait chaque jour.\n<\/p><p class=\"verset\"><sup class=\"bible-verse-ref-versets\">2<\/sup> Les douze convoqu\u00e8rent la multitude des disciples, et dirent: Il n'est pas convenable que nous laissions la parole de Dieu pour servir aux tables.\n<\/p><p class=\"verset\"><sup class=\"bible-verse-ref-versets\">3<\/sup> C'est pourquoi, fr\u00e8res, choisissez parmi vous sept hommes, de qui l'on rende un bon t\u00e9moignage, qui soient pleins d'Esprit Saint et de sagesse, et que nous chargerons de cet emploi.\n<\/p><p class=\"verset\"><sup class=\"bible-verse-ref-versets\">4<\/sup> Et nous, nous continuerons \u00e0\u00a0 nous appliquer \u00e0\u00a0 la pri\u00e8re et au minist\u00e8re de la parole.\n<\/p><p class=\"verset\"><sup class=\"bible-verse-ref-versets\">5<\/sup> Cette proposition plut \u00e0\u00a0 toute l'assembl\u00e9e. Ils \u00e9lurent \u00c9tienne, homme plein de foi et d'Esprit Saint, Philippe, Prochore, Nicanor, Timon, Parm\u00e9nas, et Nicolas, pros\u00e9lyte d'Antioche.\n<\/p><p class=\"verset\"><sup class=\"bible-verse-ref-versets\">6<\/sup> Ils les pr\u00e9sent\u00e8rent aux ap\u00f4tres, qui, apr\u00e8s avoir pri\u00e9, leur impos\u00e8rent les mains.\n<\/p><p class=\"verset\"><sup class=\"bible-verse-ref-versets\">7<\/sup> La parole de Dieu se r\u00e9pandait de plus en plus, le nombre des disciples augmentait beaucoup \u00e0\u00a0 J\u00e9rusalem, et une grande foule de sacrificateurs ob\u00e9issaient \u00e0\u00a0 la foi.\n<\/p><\/div>\n<p>&nbsp;<\/p>\n<p>Deuxi\u00e8me lecture : 1 Pierre 2 : 4 &#8211; 9<\/p>\n<div class=\"bible-verse-container\"> <span>1 Pierre 2.4-9<\/span><p class=\"verset\"><sup class=\"bible-verse-ref-versets\">4<\/sup> Approchez-vous de lui, pierre vivante, rejet\u00e9e par les hommes, mais choisie et pr\u00e9cieuse devant Dieu;\n<\/p><p class=\"verset\"><sup class=\"bible-verse-ref-versets\">5<\/sup> et vous-m\u00eames, comme des pierres vivantes, \u00e9difiez-vous pour former une maison spirituelle, un saint sacerdoce, afin d'offrir des victimes spirituelles, agr\u00e9ables \u00e0\u00a0 Dieu par J\u00e9sus Christ.\n<\/p><p class=\"verset\"><sup class=\"bible-verse-ref-versets\">6<\/sup> Car il est dit dans l'\u00c9criture: Voici, je mets en Sion une pierre angulaire, choisie, pr\u00e9cieuse; Et celui qui croit en elle ne sera point confus.\n<\/p><p class=\"verset\"><sup class=\"bible-verse-ref-versets\">7<\/sup> L'honneur est donc pour vous, qui croyez. Mais, pour les incr\u00e9dules, La pierre qu'ont rejet\u00e9e ceux qui b\u00e2tissaient Est devenue la principale de l'angle, Et une pierre d'achoppement Et un rocher de scandale;\n<\/p><p class=\"verset\"><sup class=\"bible-verse-ref-versets\">8<\/sup> ils s'y heurtent pour n'avoir pas cru \u00e0\u00a0 la parole, et c'est \u00e0\u00a0 cela qu'ils sont destin\u00e9s.\n<\/p><p class=\"verset\"><sup class=\"bible-verse-ref-versets\">9<\/sup> Vous, au contraire, vous \u00eates une race \u00e9lue, un sacerdoce royal, une nation sainte, un peuple acquis, afin que vous annonciez les vertus de celui qui vous a appel\u00e9s des t\u00e9n\u00e8bres \u00e0\u00a0 son admirable lumi\u00e8re,\n<\/p><\/div>\n<p>&nbsp;<\/p>\n<p>Lecture de l&rsquo;Evangile : Jean 14 : 1 &#8211; 12<\/p>\n<div class=\"bible-verse-container\"> <span>Jean 14.1-12<\/span><p class=\"verset\"><sup class=\"bible-verse-ref-versets\">1<\/sup> Que votre coeur ne se trouble point. Croyez en Dieu, et croyez en moi.\n<\/p><p class=\"verset\"><sup class=\"bible-verse-ref-versets\">2<\/sup> Il y a plusieurs demeures dans la maison de mon P\u00e8re. Si cela n'\u00e9tait pas, je vous l'aurais dit. Je vais vous pr\u00e9parer une place.\n<\/p><p class=\"verset\"><sup class=\"bible-verse-ref-versets\">3<\/sup> Et, lorsque je m'en serai all\u00e9, et que je vous aurai pr\u00e9par\u00e9 une place, je reviendrai, et je vous prendrai avec moi, afin que l\u00e0\u00a0 o\u00f9 je suis vous y soyez aussi.\n<\/p><p class=\"verset\"><sup class=\"bible-verse-ref-versets\">4<\/sup> Vous savez o\u00f9 je vais, et vous en savez le chemin.\n<\/p><p class=\"verset\"><sup class=\"bible-verse-ref-versets\">5<\/sup> Thomas lui dit: Seigneur, nous ne savons o\u00f9 tu vas; comment pouvons-nous en savoir le chemin?\n<\/p><p class=\"verset\"><sup class=\"bible-verse-ref-versets\">6<\/sup> J\u00e9sus lui dit: Je suis le chemin, la v\u00e9rit\u00e9, et la vie. Nul ne vient au P\u00e8re que par moi.\n<\/p><p class=\"verset\"><sup class=\"bible-verse-ref-versets\">7<\/sup> Si vous me connaissiez, vous conna\u00eetriez aussi mon P\u00e8re. Et d\u00e8s maintenant vous le connaissez, et vous l'avez vu.\n<\/p><p class=\"verset\"><sup class=\"bible-verse-ref-versets\">8<\/sup> Philippe lui dit: Seigneur, montre-nous le P\u00e8re, et cela nous suffit.\n<\/p><p class=\"verset\"><sup class=\"bible-verse-ref-versets\">9<\/sup> J\u00e9sus lui dit: Il y a si longtemps que je suis avec vous, et tu ne m'as pas connu, Philippe! Celui qui m'a vu a vu le P\u00e8re; comment dis-tu: Montre-nous le P\u00e8re?\n<\/p><p class=\"verset\"><sup class=\"bible-verse-ref-versets\">10<\/sup> Ne crois-tu pas que je suis dans le P\u00e8re, et que le P\u00e8re est en moi? Les paroles que je vous dis, je ne les dis pas de moi-m\u00eame; et le P\u00e8re qui demeure en moi, c'est lui qui fait les oeuvres.\n<\/p><p class=\"verset\"><sup class=\"bible-verse-ref-versets\">11<\/sup> Croyez-moi, je suis dans le P\u00e8re, et le P\u00e8re est en moi; croyez du moins \u00e0\u00a0 cause de ces oeuvres.\n<\/p><p class=\"verset\"><sup class=\"bible-verse-ref-versets\">12<\/sup> En v\u00e9rit\u00e9, en v\u00e9rit\u00e9, je vous le dis, celui qui croit en moi fera aussi les oeuvres que je fais, et il en fera de plus grandes, parce que je m'en vais au P\u00e8re;\n<\/p><\/div>\n","protected":false},"excerpt":{"rendered":"<p>Premi\u00e8re lecture : Actes 6 : 1 &#8211; 7 &nbsp; Deuxi\u00e8me lecture : 1 Pierre 2 : 4 &#8211; 9 &nbsp; Lecture de l&rsquo;Evangile : Jean 14 : 1 &#8211; 12<\/p>\n","protected":false},"author":1,"featured_media":0,"comment_status":"closed","ping_status":"open","sticky":false,"template":"","format":"standard","meta":{"inline_featured_image":false,"footnotes":""},"categories":[25],"tags":[],"class_list":["post-4045","post","type-post","status-publish","format-standard","hentry","category-lectures-de-la-bibe"],"_links":{"self":[{"href":"https:\/\/fpma-vincennes.fr\/index.php\/wp-json\/wp\/v2\/posts\/4045","targetHints":{"allow":["GET"]}}],"collection":[{"href":"https:\/\/fpma-vincennes.fr\/index.php\/wp-json\/wp\/v2\/posts"}],"about":[{"href":"https:\/\/fpma-vincennes.fr\/index.php\/wp-json\/wp\/v2\/types\/post"}],"author":[{"embeddable":true,"href":"https:\/\/fpma-vincennes.fr\/index.php\/wp-json\/wp\/v2\/users\/1"}],"replies":[{"embeddable":true,"href":"https:\/\/fpma-vincennes.fr\/index.php\/wp-json\/wp\/v2\/comments?post=4045"}],"version-history":[{"count":1,"href":"https:\/\/fpma-vincennes.fr\/index.php\/wp-json\/wp\/v2\/posts\/4045\/revisions"}],"predecessor-version":[{"id":4046,"href":"https:\/\/fpma-vincennes.fr\/index.php\/wp-json\/wp\/v2\/posts\/4045\/revisions\/4046"}],"wp:attachment":[{"href":"https:\/\/fpma-vincennes.fr\/index.php\/wp-json\/wp\/v2\/media?parent=4045"}],"wp:term":[{"taxonomy":"category","embeddable":true,"href":"https:\/\/fpma-vincennes.fr\/index.php\/wp-json\/wp\/v2\/categories?post=4045"},{"taxonomy":"post_tag","embeddable":true,"href":"https:\/\/fpma-vincennes.fr\/index.php\/wp-json\/wp\/v2\/tags?post=4045"}],"curies":[{"name":"wp","href":"https:\/\/api.w.org\/{rel}","templated":true}]}}