{"id":937,"date":"2025-09-05T22:30:43","date_gmt":"2025-09-05T20:30:43","guid":{"rendered":"https:\/\/fpma-vincennes.fr\/?p=937"},"modified":"2026-04-26T20:30:36","modified_gmt":"2026-04-26T18:30:36","slug":"programme-a-venir","status":"publish","type":"post","link":"https:\/\/fpma-vincennes.fr\/index.php\/2025\/09\/05\/programme-a-venir\/","title":{"rendered":"Ev\u00e8nements \u00e0 venir"},"content":{"rendered":"<p style=\"text-align: left;\">Vous retrouverez ci-dessous les \u00e9v\u00e8nements \u00e0 venir :<\/p>\n<p>&nbsp;<\/p>\n<p>&nbsp;<\/p>\n<table style=\"height: 700px;\" width=\"950\">\n<tbody>\n<tr>\n<td class=\"has-text-align-center\" style=\"text-align: center;\" data-align=\"center\"><strong><em>Date<\/em><\/strong><\/td>\n<td class=\"has-text-align-center\" style=\"text-align: center;\" data-align=\"center\"><strong><em>Ev\u00e8nement<\/em><\/strong><\/td>\n<td class=\"has-text-align-center\" style=\"text-align: center;\" data-align=\"center\"><strong><em>Remarques<\/em><\/strong><\/td>\n<\/tr>\n<tr>\n<td>03\/05\/2026<\/td>\n<td>Culte FPMA Vincennes \u00e0 15h &#8211; Communion<\/td>\n<td style=\"text-align: center;\"><a href=\"https:\/\/fpma-vincennes.fr\/index.php\/2026\/04\/24\/lectures-du-03-05-2026\/\">Lectures du 03\/05\/2026<\/a><\/td>\n<\/tr>\n<tr>\n<td>10\/05\/2026<\/td>\n<td>Culte <strong>avec la section Fifohazana<\/strong> FPMA Vincennes \u00e0 15h<\/td>\n<td style=\"text-align: center;\"><a href=\"https:\/\/fpma-vincennes.fr\/index.php\/2026\/04\/24\/lectures-du-10-05-2026\/\">Lectures du 10\/05\/2026<\/a><\/td>\n<\/tr>\n<tr>\n<td>17\/05\/2026<\/td>\n<td>Culte <strong>Cl\u00f4ture Choeur Uni<\/strong> &#8211; Espace Pierre Bachelet, 77190 Dammarie-les-Lys<\/td>\n<td style=\"text-align: center;\">Lectures du 17\/05\/2026<\/td>\n<\/tr>\n<tr>\n<td>23\/05\/2026<\/td>\n<td>Etude biblique \u00e0 17h30<br \/>\nAlim-bavaka \u00e0 19h00<\/td>\n<td style=\"text-align: center;\">Etude biblique<br \/>\nAlim-bavaka<\/td>\n<\/tr>\n<tr>\n<td>24\/05\/2026<\/td>\n<td>Culte <strong>Pentec\u00f4te &#8211; Confirmation<\/strong> FPMA Vincennes \u00e0 15h &#8211; Communion<\/td>\n<td style=\"text-align: center;\">Lectures du 24\/05\/2026<\/td>\n<\/tr>\n<tr>\n<td>31\/05\/2026<\/td>\n<td>Culte FPMA Vincennes \u00e0 15h<\/td>\n<td style=\"text-align: center;\">Lectures du 31\/05\/2026<\/td>\n<\/tr>\n<\/tbody>\n<\/table>\n","protected":false},"excerpt":{"rendered":"<p>Vous retrouverez ci-dessous les \u00e9v\u00e8nements \u00e0 venir : &nbsp; &nbsp; Date Ev\u00e8nement Remarques 03\/05\/2026 Culte FPMA Vincennes \u00e0 15h &#8211; Communion Lectures du 03\/05\/2026 10\/05\/2026 Culte avec la section Fifohazana FPMA Vincennes \u00e0 15h Lectures du 10\/05\/2026 17\/05\/2026 Culte Cl\u00f4ture Choeur Uni &#8211; Espace Pierre Bachelet, 77190 Dammarie-les-Lys Lectures du 17\/05\/2026 23\/05\/2026 Etude biblique \u00e0 17h30 Alim-bavaka \u00e0 19h00 Etude biblique Alim-bavaka 24\/05\/2026 Culte Pentec\u00f4te &#8211; Confirmation FPMA Vincennes \u00e0 15h &#8211; Communion Lectures du 24\/05\/2026 31\/05\/2026 Culte FPMA Vincennes&#8230;<\/p>\n<p class=\"read-more\"><a class=\"btn btn-default\" href=\"https:\/\/fpma-vincennes.fr\/index.php\/2025\/09\/05\/programme-a-venir\/\">Lire la suite<span class=\"screen-reader-text\"> Lire la suite<\/span><\/a><\/p>\n","protected":false},"author":1,"featured_media":0,"comment_status":"closed","ping_status":"open","sticky":false,"template":"","format":"standard","meta":{"inline_featured_image":false,"footnotes":""},"categories":[28],"tags":[],"class_list":["post-937","post","type-post","status-publish","format-standard","hentry","category-evenement"],"_links":{"self":[{"href":"https:\/\/fpma-vincennes.fr\/index.php\/wp-json\/wp\/v2\/posts\/937","targetHints":{"allow":["GET"]}}],"collection":[{"href":"https:\/\/fpma-vincennes.fr\/index.php\/wp-json\/wp\/v2\/posts"}],"about":[{"href":"https:\/\/fpma-vincennes.fr\/index.php\/wp-json\/wp\/v2\/types\/post"}],"author":[{"embeddable":true,"href":"https:\/\/fpma-vincennes.fr\/index.php\/wp-json\/wp\/v2\/users\/1"}],"replies":[{"embeddable":true,"href":"https:\/\/fpma-vincennes.fr\/index.php\/wp-json\/wp\/v2\/comments?post=937"}],"version-history":[{"count":465,"href":"https:\/\/fpma-vincennes.fr\/index.php\/wp-json\/wp\/v2\/posts\/937\/revisions"}],"predecessor-version":[{"id":4056,"href":"https:\/\/fpma-vincennes.fr\/index.php\/wp-json\/wp\/v2\/posts\/937\/revisions\/4056"}],"wp:attachment":[{"href":"https:\/\/fpma-vincennes.fr\/index.php\/wp-json\/wp\/v2\/media?parent=937"}],"wp:term":[{"taxonomy":"category","embeddable":true,"href":"https:\/\/fpma-vincennes.fr\/index.php\/wp-json\/wp\/v2\/categories?post=937"},{"taxonomy":"post_tag","embeddable":true,"href":"https:\/\/fpma-vincennes.fr\/index.php\/wp-json\/wp\/v2\/tags?post=937"}],"curies":[{"name":"wp","href":"https:\/\/api.w.org\/{rel}","templated":true}]}}