{"id":957,"date":"2021-04-14T14:10:50","date_gmt":"2021-04-14T12:10:50","guid":{"rendered":"https:\/\/fpma-vincennes.fr\/?p=957"},"modified":"2022-04-30T10:56:15","modified_gmt":"2022-04-30T08:56:15","slug":"programme-e-rnt-2021","status":"publish","type":"post","link":"https:\/\/fpma-vincennes.fr\/index.php\/2021\/04\/14\/programme-e-rnt-2021\/","title":{"rendered":"Programme e-RNT 2.0"},"content":{"rendered":"<p><img loading=\"lazy\" decoding=\"async\" class=\"alignnone size-full wp-image-972\" src=\"https:\/\/fpma-vincennes.fr\/wp-content\/uploads\/2021\/04\/ernt.jpg\" alt=\"\" width=\"1080\" height=\"1080\" srcset=\"https:\/\/fpma-vincennes.fr\/wp-content\/uploads\/2021\/04\/ernt.jpg 1080w, https:\/\/fpma-vincennes.fr\/wp-content\/uploads\/2021\/04\/ernt-300x300.jpg 300w, https:\/\/fpma-vincennes.fr\/wp-content\/uploads\/2021\/04\/ernt-1024x1024.jpg 1024w, https:\/\/fpma-vincennes.fr\/wp-content\/uploads\/2021\/04\/ernt-150x150.jpg 150w, https:\/\/fpma-vincennes.fr\/wp-content\/uploads\/2021\/04\/ernt-768x768.jpg 768w, https:\/\/fpma-vincennes.fr\/wp-content\/uploads\/2021\/04\/ernt-120x120.jpg 120w, https:\/\/fpma-vincennes.fr\/wp-content\/uploads\/2021\/04\/ernt-270x270.jpg 270w\" sizes=\"auto, (max-width: 1080px) 100vw, 1080px\" \/><br \/>\n<strong>Sampana Tily <\/strong><\/p>\n<p><strong>\u00a0Inscris-toi au e-RNT 2.0 avant le vendredi 16 avril 2021 \u00e0 20h<\/strong><\/p>\n<p>Cher.\u00e8re.s toutes et tous !<\/p>\n<p>Comme vous l&rsquo;avez s\u00fbrement suivi, le contexte sanitaire nous contraint \u00e0 \u00e9viter tout type de rassemblement pour rester prot\u00e9g\u00e9s. Ainsi, nous voulons, tout d&rsquo;abord, vous adresser un message d&rsquo;esp\u00e9rance et de soutien. Que ces moments difficiles que nous vivons ne nous emp\u00eachent pas d&rsquo;\u00eatre solidaires.<\/p>\n<p>\u00ab\u00a0<strong>Pers\u00e9v\u00e9rez dans la pri\u00e8re, veillez-y avec actions de gr\u00e2ces.<\/strong>\u00a0\u00bb Ainsi que, \u00ab\u00a0<strong>Dieu lui-m\u00eame a dit : Jamais je ne te l\u00e2cherai, jamais je ne t\u2019abandonnerai. C\u2019est pourquoi nous pouvons dire en toute assurance : Le Seigneur est mon secours, je n\u2019ai rien \u00e0 craindre !<\/strong>\u00a0\u00bb<\/p>\n<p>Ensuite, dans ce m\u00eame esprit nous souhaitons que TOUS puissent continuer \u00e0 VIVRE ENSEMBLE un moment de partage et de fraternit\u00e9 \u00e0 travers le scoutisme, que ce soit individuellement ou en famille !<\/p>\n<p>Et c&rsquo;est pour cela que vous invitons \u00e0 participer \u00e0 la e-RNT 2.0 pour nous r\u00e9unir et nous rassembler les\u00a017 et 18 avril prochain.<\/p>\n<p>Celle-ci sera la deuxi\u00e8me RNT qui sera v\u00e9cue de mani\u00e8re virtuelle : <strong>la e-RNT 2021<\/strong>!<\/p>\n<p>Comme l&rsquo;ann\u00e9e derni\u00e8re, afin que l&rsquo;exp\u00e9rience la plus commune soit possible, le programme, le menu, et les jeux vous seront envoy\u00e9s directement sur l&rsquo;adresse mail que vous aurez renseigner lors de votre inscription (une adresse mail par famille\/maison).<\/p>\n<div class=\"nf-don\">\n<form id=\"don-form\" action=\"https:\/\/docs.google.com\/forms\/d\/e\/1FAIpQLSe8IDGb9qCpm_nd5xQdVgWq_ufe0nr1AR8gVd43B8HeKpbFEA\/viewform\" target=\"_blank\"><input type=\"submit\" value=\"Inscrivez-vous\" \/><\/form>\n<\/div>\n<p><strong><em>Attention, les inscriptions seront ferm\u00e9es le vendredi 16 avril \u00e0 20 heures.<\/em><\/strong><\/p>\n","protected":false},"excerpt":{"rendered":"<p>Sampana Tily \u00a0Inscris-toi au e-RNT 2.0 avant le vendredi 16 avril 2021 \u00e0 20h Cher.\u00e8re.s toutes et tous ! Comme vous l&rsquo;avez s\u00fbrement suivi, le contexte sanitaire nous contraint \u00e0 \u00e9viter tout type de rassemblement pour rester prot\u00e9g\u00e9s. Ainsi, nous voulons, tout d&rsquo;abord, vous adresser un message d&rsquo;esp\u00e9rance et de soutien. Que ces moments difficiles que nous vivons ne nous emp\u00eachent pas d&rsquo;\u00eatre solidaires. \u00ab\u00a0Pers\u00e9v\u00e9rez dans la pri\u00e8re, veillez-y avec actions de gr\u00e2ces.\u00a0\u00bb Ainsi que, \u00ab\u00a0Dieu lui-m\u00eame a dit :&#8230;<\/p>\n<p class=\"read-more\"><a class=\"btn btn-default\" href=\"https:\/\/fpma-vincennes.fr\/index.php\/2021\/04\/14\/programme-e-rnt-2021\/\">Lire la suite<span class=\"screen-reader-text\"> Lire la suite<\/span><\/a><\/p>\n","protected":false},"author":1,"featured_media":0,"comment_status":"closed","ping_status":"open","sticky":false,"template":"","format":"standard","meta":{"inline_featured_image":false,"footnotes":""},"categories":[28],"tags":[],"class_list":["post-957","post","type-post","status-publish","format-standard","hentry","category-evenement"],"_links":{"self":[{"href":"https:\/\/fpma-vincennes.fr\/index.php\/wp-json\/wp\/v2\/posts\/957","targetHints":{"allow":["GET"]}}],"collection":[{"href":"https:\/\/fpma-vincennes.fr\/index.php\/wp-json\/wp\/v2\/posts"}],"about":[{"href":"https:\/\/fpma-vincennes.fr\/index.php\/wp-json\/wp\/v2\/types\/post"}],"author":[{"embeddable":true,"href":"https:\/\/fpma-vincennes.fr\/index.php\/wp-json\/wp\/v2\/users\/1"}],"replies":[{"embeddable":true,"href":"https:\/\/fpma-vincennes.fr\/index.php\/wp-json\/wp\/v2\/comments?post=957"}],"version-history":[{"count":9,"href":"https:\/\/fpma-vincennes.fr\/index.php\/wp-json\/wp\/v2\/posts\/957\/revisions"}],"predecessor-version":[{"id":973,"href":"https:\/\/fpma-vincennes.fr\/index.php\/wp-json\/wp\/v2\/posts\/957\/revisions\/973"}],"wp:attachment":[{"href":"https:\/\/fpma-vincennes.fr\/index.php\/wp-json\/wp\/v2\/media?parent=957"}],"wp:term":[{"taxonomy":"category","embeddable":true,"href":"https:\/\/fpma-vincennes.fr\/index.php\/wp-json\/wp\/v2\/categories?post=957"},{"taxonomy":"post_tag","embeddable":true,"href":"https:\/\/fpma-vincennes.fr\/index.php\/wp-json\/wp\/v2\/tags?post=957"}],"curies":[{"name":"wp","href":"https:\/\/api.w.org\/{rel}","templated":true}]}}